{"id":9818,"date":"2017-05-08T10:00:21","date_gmt":"2017-05-08T13:00:21","guid":{"rendered":"http:\/\/www.fumssar.com.br\/?p=9818"},"modified":"2017-05-09T07:57:36","modified_gmt":"2017-05-09T10:57:36","slug":"edital-processo-seletivo-estagiarios","status":"publish","type":"post","link":"https:\/\/www.fumssar.com.br\/?p=9818","title":{"rendered":"Edital Processo Seletivo estagi\u00e1rios"},"content":{"rendered":"<p><a href=\"http:\/\/www.fumssar.com.br\/wp-content\/uploads\/2017\/05\/EDITAL-07_2017-PROCESSO-SELETIVO-DE-ESTAGI\u00c1RIOS-DA-FUMSSAR1.pdf\">EDITAL 07_2017 PROCESSO SELETIVO DE ESTAGI\u00c1RIOS DA FUMSSAR(1)<\/a><\/p>\n<p align=\"center\"><b>EDITAL N\u00ba 07\/2017<\/b><\/p>\n<p align=\"center\"><b>\u00a0<\/b><\/p>\n<p align=\"center\"><b>EDITAL DE PROCESSO SELETIVO P\u00daBLICO PARA CONTRATA\u00c7\u00c3O DE ESTAGI\u00c1RIOS NA FUNDA\u00c7\u00c3O MUNICIPAL DE SA\u00daDE DE SANTA ROSA \u2013 FUMSSAR<\/b><\/p>\n<p>&nbsp;<\/p>\n<p><b>ANDERSON MANTEI<\/b>, Presidente da Funda\u00e7\u00e3o Municipal de Sa\u00fade de Santa Rosa, Estado do Rio Grande do Sul, no uso de suas atribui\u00e7\u00f5es legais, torna p\u00fablico a abertura de inscri\u00e7\u00f5es para a realiza\u00e7\u00e3o de Processo Seletivo P\u00fablico destinado ao preenchimento de vagas de est\u00e1gio e forma\u00e7\u00e3o de cadastro de reserva, para estudantes regularmente matriculados e com frequencia regular em institui\u00e7\u00f5es de ensino superior e de educa\u00e7\u00e3o profissional, nos devidos termos da Lei Municipal n\u00ba 4.652\/10, da Lei Municipal 4.722\/10 e da Lei Federal 11.788\/08, para atua\u00e7\u00e3o nos diversos departamentos da FUMSSAR, conforme Contrato de Presta\u00e7\u00e3o de Servi\u00e7os, de acordo com o Decreto Municipal n\u00ba 226\/06, com o processo administrativo 83\/2016 de 15\/01\/2016, da Funda\u00e7\u00e3o Municipal da Sa\u00fade de Santa Rosa e seus aditivos, e com o edital da licita\u00e7\u00e3o na modalidade de Preg\u00e3o Presencial n\u00ba 03\/2016.<\/p>\n<p>&nbsp;<\/p>\n<p><b>1)\u00a0\u00a0\u00a0 <\/b><b>INSCRI\u00c7\u00d5ES<\/b><\/p>\n<p>&nbsp;<\/p>\n<ol>\n<li><b>a.\u00a0 <\/b><b>LOCAL:<\/b> As inscri\u00e7\u00f5es ser\u00e3o realizadas somente no Centro de Integra\u00e7\u00e3o Empresa Escola \u2013 CIEE \u2013 RS \u2013 Unidade Santa Rosa, situado \u00e0 Av. Rio Branco, 657 \u2013 Sala 202, Bairro Centro, na cidade de Santa Rosa \u2013 RS.<\/li>\n<\/ol>\n<p>&nbsp;<\/p>\n<p><b>b. <\/b><b>DATA<\/b>: de 08 de maio de 2017 a 25 de maio de 2017.<\/p>\n<p>&nbsp;<\/p>\n<ol>\n<li><b>c.\u00a0 <\/b><b>HOR\u00c1RIO<\/b>: das 8h00min \u00e0s 12h00min e das 13h30min \u00e0s 17h00min.<\/li>\n<\/ol>\n<p>&nbsp;<\/p>\n<p>&nbsp;<\/p>\n<p><b>2)\u00a0\u00a0\u00a0 <\/b><b>CONDI\u00c7\u00d5ES PARA INSCRI\u00c7\u00c3O:<\/b><\/p>\n<p><b>\u00a0<\/b><\/p>\n<ol>\n<li><b>a.\u00a0 <\/b>Ser brasileiro ou naturalizado;<\/li>\n<\/ol>\n<p><b>b. <\/b>Ter completado 16 anos at\u00e9 o ato da inscri\u00e7\u00e3o;<\/p>\n<ol>\n<li><b>c.\u00a0 <\/b>Apresentar no ato da inscri\u00e7\u00e3o os seguintes documentos:<\/li>\n<\/ol>\n<ul>\n<li>C\u00f3pia do RG<\/li>\n<li>C\u00f3pia do CPF<\/li>\n<\/ul>\n<p><b>d. <\/b>As inscri\u00e7\u00f5es ser\u00e3o recebidas no endere\u00e7o citado no item <b>1) letra a<\/b>, apenas mediante apresenta\u00e7\u00e3o dos documentos relacionados no item anterior;<\/p>\n<ol>\n<li><b>e.\u00a0 <\/b>As inscri\u00e7\u00f5es devem ser realizadas pelo pr\u00f3prio candidato. N\u00e3o ser\u00e3o aceitas inscri\u00e7\u00f5es por procura\u00e7\u00f5es.<\/li>\n<li><b>f.\u00a0\u00a0 <\/b>O candidato dever\u00e1 estar ciente das exig\u00eancias e condi\u00e7\u00f5es para realiza\u00e7\u00e3o de est\u00e1gios n\u00e3o obrigat\u00f3rios, definidas pela Institui\u00e7\u00e3o de Ensino e pelo Conselho Regional e\/ou Federal da categoria, sob pena de, mesmo que aprovado, n\u00e3o ter sua contrata\u00e7\u00e3o efetivada em virtude do n\u00e3o atendimento destas exig\u00eancias legais.<\/li>\n<\/ol>\n<p><b>g. <\/b>O candidato ao efetivar sua inscri\u00e7\u00e3o assume inteira responsabilidade pelas informa\u00e7\u00f5es constantes no seu formul\u00e1rio de inscri\u00e7\u00e3o, sob as penas da lei, bem como assume que est\u00e1 ciente e de acordo com as exig\u00eancias e condi\u00e7\u00f5es estabelecidas neste Edital, no qual o candidato n\u00e3o poder\u00e1 alegar desconhecimento, ficando o candidato, desde j\u00e1 cientificado de que as informa\u00e7\u00f5es inver\u00eddicas ou incorretas por ele prestadas na ocasi\u00e3o da inscri\u00e7\u00e3o resultar\u00e3o automaticamente na sua desclassifica\u00e7\u00e3o.<\/p>\n<p><b>h. <\/b>A qualquer tempo poder-se-\u00e1 anular a inscri\u00e7\u00e3o, a prova ou o contrato do candidato, se verificadas falsidades de declara\u00e7\u00f5es ou irregularidades nas provas ou documentos.<\/p>\n<ol>\n<li><b>i.\u00a0\u00a0 <\/b>O candidato n\u00e3o poder\u00e1 inscrever-se:<\/li>\n<\/ol>\n<p><b>\u00a0 I<\/b> &#8211; caso n\u00e3o esteja matriculado e frequentando curso relacionado no Quadro Geral de Vagas deste Edital;<\/p>\n<p><b>\u00a0 II <\/b>&#8211; caso esteja matriculado em curso e\/ou Institui\u00e7\u00e3o de Ensino n\u00e3o conveniada com o CIEE;<\/p>\n<p><b>III<\/b> &#8211; caso descumpra qualquer dos requisitos constantes neste Edital.<\/p>\n<p>&nbsp;<\/p>\n<p><b>3)\u00a0\u00a0\u00a0 <\/b><b>PROVAS<\/b><\/p>\n<p><b>\u00a0<\/b><\/p>\n<ol>\n<li><b>a.\u00a0 <\/b><b>DATA:<\/b> 28\/05\/2017<\/li>\n<\/ol>\n<p><b>b. <\/b><b>HOR\u00c1RIO<\/b>: 09:00 horas<\/p>\n<ol>\n<li><b>c.\u00a0 <\/b><b>TEMPO DE DURA\u00c7\u00c3O<\/b>: 1h30min<\/li>\n<\/ol>\n<p><b>d. <\/b><b>LOCAL:<\/b> Na Institui\u00e7\u00e3o de Ensino SEG, localizada na Rua S\u00e3o Francisco, n\u00ba 400 \u2013 Centro \u2013 Santa Rosa<\/p>\n<ol>\n<li><b>e.\u00a0 <\/b><b>ETAPAS:<\/b> O Processo Seletivo consiste de uma \u00fanica etapa: PROVA ESCRITA.<\/li>\n<li><b>f.\u00a0\u00a0 <\/b><b>FORMATA\u00c7\u00c3O<\/b>: A prova ser\u00e1 composta de 20 (vinte) quest\u00f5es objetivas, com peso de 5,0 (cinco) pontos cada uma.<\/li>\n<\/ol>\n<p><b>g. <\/b>A nota final do candidato ser\u00e1 obtida de acordo com o n\u00famero de acertos, multiplicado pelo peso de cada quest\u00e3o, tendo o valor m\u00e1ximo de 100 (cem) pontos.<\/p>\n<p><b>h. <\/b>O candidato dever\u00e1 comparecer ao local da prova, munido do comprovante da inscri\u00e7\u00e3o, do documento de identidade e de caneta esferogr\u00e1fica azul ou preta.<\/p>\n<ol>\n<li><b>i.\u00a0\u00a0 <\/b>O candidato dever\u00e1 chegar ao local da prova preferencialmente com anteced\u00eancia de 30 minutos para evitar transtornos.<\/li>\n<li><b>j.\u00a0\u00a0 <\/b>Durante a prova n\u00e3o ser\u00e1 permitido o uso de calculadoras, celulares, ou qualquer outro equipamento de comunica\u00e7\u00e3o, bem como consultas a obras ou impressos de qualquer esp\u00e9cie.<\/li>\n<li><b>k.\u00a0 <\/b>Candidatos flagrados fazendo uso de qualquer meio de consulta ser\u00e3o automaticamente desclassificados.<\/li>\n<li><b>l.\u00a0\u00a0 <\/b>Os candidatos somente poder\u00e3o sair da sala acompanhados de um monitor;<\/li>\n<\/ol>\n<p>&nbsp;<\/p>\n<p><b>4)\u00a0\u00a0\u00a0 <\/b><b>CLASSIFICA\u00c7\u00c3O<\/b><\/p>\n<p><b>\u00a0<\/b><\/p>\n<ol>\n<li><b>a.\u00a0 <\/b>Os candidatos ser\u00e3o classificados pelo somat\u00f3rio dos pontos em suas provas;<\/li>\n<\/ol>\n<p><b>b. <\/b>Ser\u00e1 considerado aprovado no Processo Seletivo, dentro da sua respectiva \u00e1rea de forma\u00e7\u00e3o, conforme inscri\u00e7\u00e3o, o candidato que obtiver m\u00e9dia igual ou superior a <b>50(cinquenta) pontos<\/b>.<\/p>\n<ol>\n<li><b>c.\u00a0 <\/b>O candidato aprovado ser\u00e1 classificado na ordem decrescente dos pontos obtidos, na \u00e1rea de forma\u00e7\u00e3o, conforme ficha de inscri\u00e7\u00e3o.<\/li>\n<\/ol>\n<p><b>d. <\/b>Ocorrendo empate na classifica\u00e7\u00e3o, ser\u00e3o utilizados os seguintes crit\u00e9rios para o desempate:<\/p>\n<p>\u00fc\u00a0 maior n\u00famero de acertos em conhecimento geral;<\/p>\n<p>\u00fc\u00a0 maior n\u00famero de acertos em l\u00edngua portuguesa;<\/p>\n<p>\u00fc\u00a0 maior idade.<\/p>\n<ol>\n<li><b>e.\u00a0 <\/b>Homologado o resultado final do processo seletivo os candidatos aprovados ser\u00e3o relacionados por ordem de classifica\u00e7\u00e3o, por \u00e1rea de forma\u00e7\u00e3o de acordo com inscri\u00e7\u00e3o, em lista publicada no site <a href=\"http:\/\/www.fumssar.com.br\/\">www.fumssar.com.br<\/a> (FUMSSAR) e no site do <a href=\"http:\/\/www.cieers.org.br\">www.cieers.org.br<\/a> (CIEE-RS).<\/li>\n<li><b>f.\u00a0\u00a0 <\/b>Os candidatos n\u00e3o aprovados ser\u00e3o relacionados exclusivamente pelo n\u00famero de inscri\u00e7\u00e3o.<\/li>\n<\/ol>\n<p><b>g. <\/b>Este Processo Seletivo ter\u00e1 validade de 12 (doze) meses a contar da data de publica\u00e7\u00e3o da classifica\u00e7\u00e3o final.<\/p>\n<p>&nbsp;<\/p>\n<p><b>5)\u00a0\u00a0\u00a0 <\/b><b>RECURSOS<\/b><\/p>\n<p><b>\u00a0<\/b><\/p>\n<ol>\n<li><b>a.\u00a0 <\/b>O prazo para interposi\u00e7\u00e3o de recursos \u00e9 de 24 (vinte e quatro) horas a partir da divulga\u00e7\u00e3o do gabarito e da classifica\u00e7\u00e3o preliminar.<\/li>\n<\/ol>\n<p><b>b. <\/b>O recurso s\u00f3 ser\u00e1 admitido para o \u00fanico efeito de corre\u00e7\u00e3o de not\u00f3rio erro de fato.<\/p>\n<ol>\n<li><b>c.\u00a0 <\/b>Os recursos dever\u00e3o ser dirigidos ao Centro de Integra\u00e7\u00e3o Empresa Escola do Rio Grande do Sul \u2013 CIEE \u2013 RS \u2013 Unidade de Santa Rosa, atrav\u00e9s do e-mail <a href=\"mailto:santarosa@cieers.org.br\">santarosa@cieers.org.br<\/a> ou <a href=\"mailto:elemar.lenz@cieers.org.br\">elemar.lenz@cieers.org.br<\/a>, respons\u00e1vel pela elabora\u00e7\u00e3o do Processo Seletivo, a quem cabe a responsabilidade de julgar os recursos impetrados, os quais dever\u00e3o estar devidamente fundamentados, constando o nome do candidato, n\u00famero de inscri\u00e7\u00e3o, a vaga que concorre, o telefone e endere\u00e7o para correspond\u00eancia.<\/li>\n<\/ol>\n<p><b>d. <\/b>O recurso interposto fora do prazo e\/ou que n\u00e3o contenha os dados supramencionados e os fundamentos do pedido n\u00e3o ser\u00e1 conhecido, determinando-se o respectivo arquivamento.<\/p>\n<ol>\n<li><b>e.\u00a0 <\/b>N\u00e3o ser\u00e1 aceito pedido de reconsidera\u00e7\u00e3o de recursos.<\/li>\n<\/ol>\n<p>&nbsp;<\/p>\n<p>&nbsp;<\/p>\n<p><b>6)\u00a0\u00a0\u00a0 <\/b><b>PROVIMENTO DAS VAGAS<\/b><\/p>\n<p><b>\u00a0<\/b><\/p>\n<ol>\n<li><b>a.\u00a0 <\/b>O preenchimento das vagas para estagi\u00e1rios poder\u00e1 atingir at\u00e9 o limite de 5% (cinco por cento) em rela\u00e7\u00e3o ao n\u00famero total de servidores p\u00fablicos ativos da Funda\u00e7\u00e3o Municipal de Sa\u00fade de Santa Rosa.<\/li>\n<\/ol>\n<p><b>b. <\/b>Os demais candidatos formar\u00e3o um cadastro de reserva cuja contrata\u00e7\u00e3o estar\u00e1 condicionada \u00e0 libera\u00e7\u00e3o e\/ou cria\u00e7\u00e3o futura de vagas no prazo de validade deste Processo Seletivo P\u00fablico para Contrata\u00e7\u00e3o de Estagi\u00e1rios.<\/p>\n<ol>\n<li><b>c.\u00a0 <\/b>Os primeiros aprovados ser\u00e3o convocados a assinar o Termo de Compromisso de Est\u00e1gio, de acordo com a disponibilidade e interesse da Funda\u00e7\u00e3o Municipal de Sa\u00fade de Santa Rosa.<\/li>\n<\/ol>\n<p><b>d. <\/b>Quando convocado para efeitos de contrata\u00e7\u00e3o, o candidato dever\u00e1 apresentar-se em no m\u00e1ximo 04 (quatro) dias \u00fateis ap\u00f3s o recebimento da mesma, munido da documenta\u00e7\u00e3o solicitada na convoca\u00e7\u00e3o, que acontecer\u00e1 \u00fanica e exclusivamente por correio eletr\u00f4nico. N\u00e3o comparecendo o candidato convocado, ou verificando-se o n\u00e3o atendimento das condi\u00e7\u00f5es exigidas para contrata\u00e7\u00e3o, ser\u00e3o convocados os demais aprovados observando-se a lista classificat\u00f3ria.<\/p>\n<ol>\n<li><b>e.\u00a0 <\/b>N\u00e3o poder\u00e1 assumir a vaga o candidato que n\u00e3o tiver no m\u00ednimo 6 (seis) meses restantes at\u00e9 a conclus\u00e3o do curso ao qual est\u00e1 vinculado \u00e0 Institui\u00e7\u00e3o de Ensino.<\/li>\n<li><b>f.\u00a0\u00a0 <\/b>Os aprovados remanescentes poder\u00e3o ser chamados posteriormente, caso ocorram desist\u00eancias ou o surgimento de novas vagas para as respectivas \u00e1reas de atua\u00e7\u00e3o (lista de espera).<\/li>\n<\/ol>\n<p><b>g. <\/b>O candidato que, quando convocado n\u00e3o tiver interesse ou disponibilidade para assumir a vaga, poder\u00e1, uma \u00fanica vez, desde que manifestado por escrito, abdicar de assumir, passando automaticamente para o final da fila.<\/p>\n<p><b>h. <\/b>Aos portadores de defici\u00eancia \u00e9 assegurado o direito de inscri\u00e7\u00e3o, podendo concorrer a 10% (dez por cento) das vagas oferecidas pela parte concedente, desde que haja compatibilidade entre as atribui\u00e7\u00f5es da vaga e a defici\u00eancia de que s\u00e3o portadores.<\/p>\n<ol>\n<li><b>i.\u00a0\u00a0 <\/b>O provimento das vagas ficar\u00e1 a crit\u00e9rio da Administra\u00e7\u00e3o da Funda\u00e7\u00e3o Municipal de Sa\u00fade de Santa Rosa, observados o interesse, a necessidade e a conveni\u00eancia do servi\u00e7o p\u00fablico, respeitando a compatibilidade destas com as atividades escolares desenvolvidas pelo estudante, de acordo com a legisla\u00e7\u00e3o vigente.<\/li>\n<\/ol>\n<p>&nbsp;<\/p>\n<p><b>7)\u00a0\u00a0\u00a0 <\/b><b>CONTE\u00daDO E SUGEST\u00d5ES BIBLIOGR\u00c1FICAS<\/b><\/p>\n<p><b>\u00a0<\/b><\/p>\n<p><b>a. L\u00edngua Portuguesa:<\/b><\/p>\n<p>I. As quest\u00f5es de L\u00edngua Portuguesa contemplar\u00e3o conte\u00fados em n\u00edvel de Ensino Fundamental e M\u00e9dio.<\/p>\n<p><b>b. Conhecimentos Gerais<\/b><\/p>\n<p>I. Lei Federal n\u00ba 11.788\/2008 \u2013 Lei Federal dos Est\u00e1gios<\/p>\n<p>II. Lei Municipal n\u00ba 5.227\/2015 \u00a0\u2013 Lei Municipal dos Est\u00e1gios<\/p>\n<p>III. Informa\u00e7\u00f5es referentes a temas relacionados a atualidade, cidadania, consci\u00eancia ecol\u00f3gica, geografia, hist\u00f3ria e meio ambiente.<\/p>\n<p>IV. Dados hist\u00f3ricos, demogr\u00e1ficos, de localiza\u00e7\u00e3o e econ\u00f4micos do munic\u00edpio de Santa Rosa, disponibilizados no site:\u00a0 <a href=\"http:\/\/www.santarosa.rs.gov.br\/\">www.santarosa.rs.gov.br<\/a>.<\/p>\n<p>&nbsp;<\/p>\n<p><b>8)\u00a0\u00a0\u00a0 <\/b><b>QUADRO GERAL DE VAGAS<\/b><\/p>\n<table width=\"647\" border=\"1\" cellspacing=\"0\" cellpadding=\"0\">\n<tbody>\n<tr>\n<td width=\"50\">\n<p align=\"center\">ITEM<\/p>\n<\/td>\n<td width=\"130\">\n<p align=\"center\">\u00c1REA<\/p>\n<\/td>\n<td width=\"191\">\n<p align=\"center\">CURSOS<\/p>\n<\/td>\n<td width=\"132\">\n<p align=\"center\">CARGA HOR\u00c1RIA SEMANAL<\/p>\n<\/td>\n<td width=\"91\">\n<p align=\"center\">VALOR DE BOLSA-AUX\u00cdLIO<\/p>\n<\/td>\n<td width=\"53\">\n<p align=\"center\">N\u00ba DE VAGAS<\/p>\n<\/td>\n<\/tr>\n<tr>\n<td width=\"50\">\n<p align=\"center\">01<\/p>\n<\/td>\n<td width=\"130\">ADMINISTRATIVA<\/td>\n<td width=\"191\">\n<p align=\"center\">ADMINISTRA\u00c7\u00c3O<\/p>\n<\/td>\n<td width=\"132\">\n<p align=\"center\">30 horas (6 horas di\u00e1rias)<\/p>\n<\/td>\n<td width=\"91\">\n<p align=\"center\">R$ 860,42<\/p>\n<\/td>\n<td width=\"53\">\n<p align=\"center\">1<\/p>\n<\/td>\n<\/tr>\n<tr>\n<td width=\"50\">\n<p align=\"center\">02<\/p>\n<\/td>\n<td width=\"130\">CONT\u00c1BIL<\/td>\n<td width=\"191\">\n<p align=\"center\">CI\u00caNCIAS CONT\u00c1BEIS<\/p>\n<\/td>\n<td width=\"132\">\n<p align=\"center\">30 horas (6 horas di\u00e1rias)<\/p>\n<\/td>\n<td width=\"91\">\n<p align=\"center\">R$ 860,42<\/p>\n<\/td>\n<td width=\"53\">\n<p align=\"center\">1<\/p>\n<\/td>\n<\/tr>\n<tr>\n<td width=\"50\">\n<p align=\"center\">02<\/p>\n<\/td>\n<td width=\"130\">ENFERMAGEM<\/td>\n<td width=\"191\">\n<p align=\"center\">ENFERMAFEM E T\u00c9CNICO EM ENFERMAGEM<\/p>\n<\/td>\n<td width=\"132\">\n<p align=\"center\">30horas (6 horas di\u00e1rias)<\/p>\n<\/td>\n<td width=\"91\">\n<p align=\"center\">R$ 860,42<\/p>\n<\/td>\n<td width=\"53\">\n<p align=\"center\">CR<\/p>\n<\/td>\n<\/tr>\n<tr>\n<td width=\"50\">\n<p align=\"center\">03<\/p>\n<\/td>\n<td width=\"130\">FARM\u00c1CIA<\/td>\n<td width=\"191\">\n<p align=\"center\">FARM\u00c1CIA E T\u00c9CNICO EM FARM\u00c1CIA<\/p>\n<\/td>\n<td width=\"132\">\n<p align=\"center\">30 horas (6 horas di\u00e1rias)<\/p>\n<\/td>\n<td width=\"91\">\n<p align=\"center\">R$ 860,42<\/p>\n<\/td>\n<td width=\"53\">\n<p align=\"center\">CR<\/p>\n<\/td>\n<\/tr>\n<\/tbody>\n<\/table>\n<p><b>OBSERVA\u00c7\u00c3O:<\/b> Este Processo Seletivo destina-se ao preenchimento das vagas especificadas no Quadro Geral de Vagas e \u00e0 forma\u00e7\u00e3o de cadastro reserva.<\/p>\n<p>&nbsp;<\/p>\n<p><b>9)\u00a0\u00a0\u00a0 <\/b><b>CRONOGRAMA DE EXECU\u00c7\u00c3O DO PROCESSO SELETIVO<\/b><\/p>\n<p>&nbsp;<\/p>\n<table width=\"635\" border=\"1\" cellspacing=\"0\" cellpadding=\"0\">\n<tbody>\n<tr>\n<td width=\"432\">\n<p align=\"center\">PROCEDIMENTOS<\/p>\n<\/td>\n<td width=\"203\">\n<p align=\"center\">DATAS<\/p>\n<\/td>\n<\/tr>\n<tr>\n<td valign=\"top\" width=\"432\">Publica\u00e7\u00e3o do Edital do Processo Seletivo 07\/2017<\/td>\n<td valign=\"top\" width=\"203\">\n<p align=\"center\">08\/05\/2017<\/p>\n<\/td>\n<\/tr>\n<tr>\n<td valign=\"top\" width=\"432\">Per\u00edodo de Inscri\u00e7\u00e3o<\/td>\n<td valign=\"top\" width=\"203\">\n<p align=\"center\">08\/05 a 25\/05\/17<\/p>\n<\/td>\n<\/tr>\n<tr>\n<td valign=\"top\" width=\"432\">Aplica\u00e7\u00e3o das provas<\/td>\n<td valign=\"top\" width=\"203\">\n<p align=\"center\">28\/05\/2017<\/p>\n<\/td>\n<\/tr>\n<tr>\n<td valign=\"top\" width=\"432\">Divulga\u00e7\u00e3o do gabarito oficial<\/td>\n<td valign=\"top\" width=\"203\">\n<p align=\"center\">29\/05\/2017<\/p>\n<\/td>\n<\/tr>\n<tr>\n<td valign=\"top\" width=\"432\">Divulga\u00e7\u00e3o da classifica\u00e7\u00e3o preliminar<\/td>\n<td valign=\"top\" width=\"203\">\n<p align=\"center\">31\/05\/2017<\/p>\n<\/td>\n<\/tr>\n<tr>\n<td valign=\"top\" width=\"432\">Divulga\u00e7\u00e3o da classifica\u00e7\u00e3o final<\/td>\n<td valign=\"top\" width=\"203\">\n<p align=\"center\">02\/06\/2017<\/p>\n<\/td>\n<\/tr>\n<\/tbody>\n<\/table>\n<p>&nbsp;<\/p>\n<p>OBS.: As divulga\u00e7\u00f5es ser\u00e3o realizadas nas datas citadas no cronograma de execu\u00e7\u00e3o do processo seletivo, no site da FUMSSAR \u2013 <a href=\"http:\/\/www.fumssar.com.br\/\">www.fumssar.com.br<\/a> e no site do CIEE \u2013 RS www.cieers.org.br .<\/p>\n<p>Este processo seletivo visa cumprir as determina\u00e7\u00f5es do contrato para presta\u00e7\u00e3o dos servi\u00e7os de Agenciamento de Est\u00e1gios junto \u00e0 Funda\u00e7\u00e3o Municipal de Sa\u00fade de Santa Rosa e ser\u00e1 de inteira responsabilidade do Agente de Integra\u00e7\u00e3o contratado para este fim, CIEE \u2013 RS \u2013 Centro de Integra\u00e7\u00e3o Empresa Escola do Rio Grande do Sul.<\/p>\n<p>&nbsp;<\/p>\n<p>&nbsp;<\/p>\n<p>&nbsp;<\/p>\n<p>Santa Rosa, 08 de maio de 2017.<\/p>\n<p>&nbsp;<\/p>\n<p>&nbsp;<\/p>\n<p>_____________________________<\/p>\n<p><b>ANDERSON MANTEI<\/b><\/p>\n<p>Presidente FUMSSAR<\/p>\n","protected":false},"excerpt":{"rendered":"<p>EDITAL 07_2017 PROCESSO SELETIVO DE ESTAGI\u00c1RIOS DA FUMSSAR(1) EDITAL N\u00ba 07\/2017 \u00a0 EDITAL DE PROCESSO&#8230;<\/p>\n","protected":false},"author":13,"featured_media":0,"comment_status":"open","ping_status":"open","sticky":false,"template":"","format":"standard","meta":{"footnotes":""},"categories":[94,1],"tags":[],"_links":{"self":[{"href":"https:\/\/www.fumssar.com.br\/index.php?rest_route=\/wp\/v2\/posts\/9818"}],"collection":[{"href":"https:\/\/www.fumssar.com.br\/index.php?rest_route=\/wp\/v2\/posts"}],"about":[{"href":"https:\/\/www.fumssar.com.br\/index.php?rest_route=\/wp\/v2\/types\/post"}],"author":[{"embeddable":true,"href":"https:\/\/www.fumssar.com.br\/index.php?rest_route=\/wp\/v2\/users\/13"}],"replies":[{"embeddable":true,"href":"https:\/\/www.fumssar.com.br\/index.php?rest_route=%2Fwp%2Fv2%2Fcomments&post=9818"}],"version-history":[{"count":1,"href":"https:\/\/www.fumssar.com.br\/index.php?rest_route=\/wp\/v2\/posts\/9818\/revisions"}],"predecessor-version":[{"id":9820,"href":"https:\/\/www.fumssar.com.br\/index.php?rest_route=\/wp\/v2\/posts\/9818\/revisions\/9820"}],"wp:attachment":[{"href":"https:\/\/www.fumssar.com.br\/index.php?rest_route=%2Fwp%2Fv2%2Fmedia&parent=9818"}],"wp:term":[{"taxonomy":"category","embeddable":true,"href":"https:\/\/www.fumssar.com.br\/index.php?rest_route=%2Fwp%2Fv2%2Fcategories&post=9818"},{"taxonomy":"post_tag","embeddable":true,"href":"https:\/\/www.fumssar.com.br\/index.php?rest_route=%2Fwp%2Fv2%2Ftags&post=9818"}],"curies":[{"name":"wp","href":"https:\/\/api.w.org\/{rel}","templated":true}]}}