{"id":9778,"date":"2017-04-19T15:19:15","date_gmt":"2017-04-19T18:19:15","guid":{"rendered":"http:\/\/www.fumssar.com.br\/?p=9778"},"modified":"2024-10-07T16:35:28","modified_gmt":"2024-10-07T19:35:28","slug":"empossada-a-nova-diretoria-da-cipa-na-fumssar","status":"publish","type":"post","link":"https:\/\/www.fumssar.com.br\/?p=9778","title":{"rendered":"Empossada a nova diretoria da CIPA na FUMSSAR"},"content":{"rendered":"<p>\u00a0Empossados\u00a0 os novos membros da\u00a0 diretoria da Comiss\u00e3o Interna de Preven\u00e7\u00e3o de Acidentes\u00a0 -CIPA\u00a0 da\u00a0 Funda\u00e7\u00e3o Municipal de Sa\u00fade-FUMSSAR. O ato foi realizado na manh\u00e3 de quarta-feira, 18 nas depend\u00eancias da institui\u00e7\u00e3o.<\/p>\n<p>\u00a0\u00a0\u00a0\u00a0\u00a0\u00a0\u00a0\u00a0\u00a0\u00a0\u00a0 A elei\u00e7\u00e3o ocorreu no dia 14 de mar\u00e7o passado tendo sido eleitos\u00a0 como representantes dos empregados, Carmen Regina Daronch\u00a0 tendo como suplente\u00a0 Joceli de Oliveira Michalowski, e\u00a0 indicadas pelo empregador\u00a0 Elen Thaisa Mittelstadt Dal Pai, como\u00a0 titular e Gisieli Machado de Lima\u00a0 como suplente.<\/p>\n<p>\u00a0\u00a0\u00a0\u00a0\u00a0\u00a0\u00a0\u00a0\u00a0\u00a0\u00a0 O ato foi presidido por Silvia Carin Bloch e contou com a presen\u00e7a de representantes da\u00a0 dire\u00e7\u00e3o da FUMSSAR. Ademir Rosa diretor de Planejamento Estrat\u00e9gico e Participativo destacou a import\u00e2ncia da CIPA na institui\u00e7\u00e3o,colocando \u2013se a disposi\u00e7\u00e3o para auxiliar no que for preciso para o andamento dos trabalhos da comiss\u00e3o. O mandato da Comiss\u00e3o \u00e9 de um ano.<\/p>\n","protected":false},"excerpt":{"rendered":"<p>\u00a0Empossados\u00a0 os novos membros da\u00a0 diretoria da Comiss\u00e3o Interna de Preven\u00e7\u00e3o de Acidentes\u00a0 -CIPA\u00a0 da\u00a0&#8230;<\/p>\n","protected":false},"author":11,"featured_media":9779,"comment_status":"open","ping_status":"open","sticky":false,"template":"","format":"standard","meta":{"footnotes":""},"categories":[2],"tags":[],"_links":{"self":[{"href":"https:\/\/www.fumssar.com.br\/index.php?rest_route=\/wp\/v2\/posts\/9778"}],"collection":[{"href":"https:\/\/www.fumssar.com.br\/index.php?rest_route=\/wp\/v2\/posts"}],"about":[{"href":"https:\/\/www.fumssar.com.br\/index.php?rest_route=\/wp\/v2\/types\/post"}],"author":[{"embeddable":true,"href":"https:\/\/www.fumssar.com.br\/index.php?rest_route=\/wp\/v2\/users\/11"}],"replies":[{"embeddable":true,"href":"https:\/\/www.fumssar.com.br\/index.php?rest_route=%2Fwp%2Fv2%2Fcomments&post=9778"}],"version-history":[{"count":1,"href":"https:\/\/www.fumssar.com.br\/index.php?rest_route=\/wp\/v2\/posts\/9778\/revisions"}],"predecessor-version":[{"id":9780,"href":"https:\/\/www.fumssar.com.br\/index.php?rest_route=\/wp\/v2\/posts\/9778\/revisions\/9780"}],"wp:featuredmedia":[{"embeddable":true,"href":"https:\/\/www.fumssar.com.br\/index.php?rest_route=\/wp\/v2\/media\/9779"}],"wp:attachment":[{"href":"https:\/\/www.fumssar.com.br\/index.php?rest_route=%2Fwp%2Fv2%2Fmedia&parent=9778"}],"wp:term":[{"taxonomy":"category","embeddable":true,"href":"https:\/\/www.fumssar.com.br\/index.php?rest_route=%2Fwp%2Fv2%2Fcategories&post=9778"},{"taxonomy":"post_tag","embeddable":true,"href":"https:\/\/www.fumssar.com.br\/index.php?rest_route=%2Fwp%2Fv2%2Ftags&post=9778"}],"curies":[{"name":"wp","href":"https:\/\/api.w.org\/{rel}","templated":true}]}}