{"id":9703,"date":"2017-04-11T16:03:43","date_gmt":"2017-04-11T19:03:43","guid":{"rendered":"http:\/\/www.fumssar.com.br\/?p=9703"},"modified":"2024-10-07T16:35:28","modified_gmt":"2024-10-07T19:35:28","slug":"santa-rosa-adere-ao-programa-crianca-feliz","status":"publish","type":"post","link":"https:\/\/www.fumssar.com.br\/?p=9703","title":{"rendered":"Santa Rosa adere ao programa Crian\u00e7a Feliz"},"content":{"rendered":"<p>Santa Rosa esta entre os 72 munic\u00edpios do estado que aderiram ao programa crian\u00e7a feliz. O programa do governo federal coordenado pelo Ministro do Desenvolvimento Social, Osmar Terra, foi lan\u00e7ado na manh\u00e3 desta segunda-feira (10) durante ato no Pal\u00e1cio Piratini. Durante a cerim\u00f4nia de lan\u00e7amento, o presidente da Funda\u00e7\u00e3o Municipal de Sa\u00fade, Anderson Mantei, representando o munic\u00edpio, assinou a ades\u00e3o de contrato do programa. O p\u00fablico alvo s\u00e3o: gestantes; crian\u00e7as de zero a tr\u00eas anos e suas fam\u00edlias, benefici\u00e1rias do Bolsa Fam\u00edlia; crian\u00e7as com defici\u00eancia, de at\u00e9 seis anos, que recebem o Benef\u00edcio de Presta\u00e7\u00e3o Continuada (BPC), incluindo as v\u00edtimas de microcefalia por zika v\u00edrus; e a crian\u00e7a de at\u00e9 seis anos, afastada do conv\u00edvio familiar em raz\u00e3o da aplica\u00e7\u00e3o de medida de prote\u00e7\u00e3o.\u00a0O munic\u00edpio de Santa Rosa foi um dos primeiros do estado a aderir ao Crian\u00e7a Feliz, lan\u00e7ado em outubro de 2016.<\/p>\n<p>Texto: ASCOM Prefeitura de Santa Rosa<\/p>\n<p>Foto: Assessoria Governo do Estado<\/p>\n","protected":false},"excerpt":{"rendered":"<p>Santa Rosa esta entre os 72 munic\u00edpios do estado que aderiram ao programa crian\u00e7a feliz&#8230;.<\/p>\n","protected":false},"author":11,"featured_media":9704,"comment_status":"open","ping_status":"open","sticky":false,"template":"","format":"standard","meta":{"footnotes":""},"categories":[2],"tags":[],"_links":{"self":[{"href":"https:\/\/www.fumssar.com.br\/index.php?rest_route=\/wp\/v2\/posts\/9703"}],"collection":[{"href":"https:\/\/www.fumssar.com.br\/index.php?rest_route=\/wp\/v2\/posts"}],"about":[{"href":"https:\/\/www.fumssar.com.br\/index.php?rest_route=\/wp\/v2\/types\/post"}],"author":[{"embeddable":true,"href":"https:\/\/www.fumssar.com.br\/index.php?rest_route=\/wp\/v2\/users\/11"}],"replies":[{"embeddable":true,"href":"https:\/\/www.fumssar.com.br\/index.php?rest_route=%2Fwp%2Fv2%2Fcomments&post=9703"}],"version-history":[{"count":1,"href":"https:\/\/www.fumssar.com.br\/index.php?rest_route=\/wp\/v2\/posts\/9703\/revisions"}],"predecessor-version":[{"id":9705,"href":"https:\/\/www.fumssar.com.br\/index.php?rest_route=\/wp\/v2\/posts\/9703\/revisions\/9705"}],"wp:featuredmedia":[{"embeddable":true,"href":"https:\/\/www.fumssar.com.br\/index.php?rest_route=\/wp\/v2\/media\/9704"}],"wp:attachment":[{"href":"https:\/\/www.fumssar.com.br\/index.php?rest_route=%2Fwp%2Fv2%2Fmedia&parent=9703"}],"wp:term":[{"taxonomy":"category","embeddable":true,"href":"https:\/\/www.fumssar.com.br\/index.php?rest_route=%2Fwp%2Fv2%2Fcategories&post=9703"},{"taxonomy":"post_tag","embeddable":true,"href":"https:\/\/www.fumssar.com.br\/index.php?rest_route=%2Fwp%2Fv2%2Ftags&post=9703"}],"curies":[{"name":"wp","href":"https:\/\/api.w.org\/{rel}","templated":true}]}}