{"id":9635,"date":"2017-04-07T15:42:52","date_gmt":"2017-04-07T18:42:52","guid":{"rendered":"http:\/\/www.fumssar.com.br\/?p=9635"},"modified":"2017-04-10T15:44:34","modified_gmt":"2017-04-10T18:44:34","slug":"9635","status":"publish","type":"post","link":"https:\/\/www.fumssar.com.br\/?p=9635","title":{"rendered":"Edital n 08\/2017"},"content":{"rendered":"<p><b>PROCESSO ADMINISTRATIVO N.\u00ba: <\/b>917\/2017 de 27\/03\/2017<\/p>\n<p><b>CONTRATADO: <\/b>G &amp; D ASSESSORIA EM PSICOLOGIA S\/S<\/p>\n<p><b>OBJETO: <\/b>Contrata\u00e7\u00e3o de pessoa jur\u00eddica para ministrar palestra no 1\u00ba Semin\u00e1rio Regional\u00a0 Intersetorial sobre o Autismo e o 5\u00ba Encontro Municipal sobre Autismo.<\/p>\n<p>&nbsp;<\/p>\n<p><b>PROCESSO ADMINISTRATIVO N.\u00ba: <\/b>917\/2017 de 27\/03\/2017<\/p>\n<p><b>CONTRATADO: <\/b>INCLUS\u00c3O EFICIENTE \u2013 ASSESSORIA E CONSULTORIA EM INCLUS\u00c3O E REABILITA\u00c7\u00c3O LTDA<\/p>\n<p><b>OBJETO: <\/b>Contrata\u00e7\u00e3o de pessoa jur\u00eddica para ministrar palestra no 1\u00ba Semin\u00e1rio Regional\u00a0 Intersetorial sobre o Autismo e o 5\u00ba Encontro Municipal sobre Autismo.<\/p>\n<p><b>\u00a0<\/b><\/p>\n<p><b>PROCESSO ADMINISTRATIVO N.\u00ba: <\/b>917\/2017 de 27\/03\/2017<\/p>\n<p><b>CONTRATADO: <\/b>SOCIEDADE EDUCACIONAL TR\u00caS DE MAIO<\/p>\n<p><b>OBJETO: <\/b>Contrata\u00e7\u00e3o de pessoa jur\u00eddica para ministrar palestra no 1\u00ba Semin\u00e1rio Regional\u00a0 Intersetorial sobre o Autismo e o 5\u00ba Encontro Municipal sobre Autismo.<\/p>\n<p><a href=\"http:\/\/www.fumssar.com.br\/wp-content\/uploads\/2017\/04\/Edital-008_2017-Inexigibilidade.pdf\">Edital 008_2017 Inexigibilidade<\/a><\/p>\n","protected":false},"excerpt":{"rendered":"<p>PROCESSO ADMINISTRATIVO N.\u00ba: 917\/2017 de 27\/03\/2017 CONTRATADO: G &amp; D ASSESSORIA EM PSICOLOGIA S\/S OBJETO:&#8230;<\/p>\n","protected":false},"author":7,"featured_media":0,"comment_status":"open","ping_status":"open","sticky":false,"template":"","format":"standard","meta":{"footnotes":""},"categories":[86],"tags":[],"_links":{"self":[{"href":"https:\/\/www.fumssar.com.br\/index.php?rest_route=\/wp\/v2\/posts\/9635"}],"collection":[{"href":"https:\/\/www.fumssar.com.br\/index.php?rest_route=\/wp\/v2\/posts"}],"about":[{"href":"https:\/\/www.fumssar.com.br\/index.php?rest_route=\/wp\/v2\/types\/post"}],"author":[{"embeddable":true,"href":"https:\/\/www.fumssar.com.br\/index.php?rest_route=\/wp\/v2\/users\/7"}],"replies":[{"embeddable":true,"href":"https:\/\/www.fumssar.com.br\/index.php?rest_route=%2Fwp%2Fv2%2Fcomments&post=9635"}],"version-history":[{"count":2,"href":"https:\/\/www.fumssar.com.br\/index.php?rest_route=\/wp\/v2\/posts\/9635\/revisions"}],"predecessor-version":[{"id":9638,"href":"https:\/\/www.fumssar.com.br\/index.php?rest_route=\/wp\/v2\/posts\/9635\/revisions\/9638"}],"wp:attachment":[{"href":"https:\/\/www.fumssar.com.br\/index.php?rest_route=%2Fwp%2Fv2%2Fmedia&parent=9635"}],"wp:term":[{"taxonomy":"category","embeddable":true,"href":"https:\/\/www.fumssar.com.br\/index.php?rest_route=%2Fwp%2Fv2%2Fcategories&post=9635"},{"taxonomy":"post_tag","embeddable":true,"href":"https:\/\/www.fumssar.com.br\/index.php?rest_route=%2Fwp%2Fv2%2Ftags&post=9635"}],"curies":[{"name":"wp","href":"https:\/\/api.w.org\/{rel}","templated":true}]}}