{"id":9593,"date":"2017-04-06T17:23:40","date_gmt":"2017-04-06T20:23:40","guid":{"rendered":"http:\/\/www.fumssar.com.br\/?p=9593"},"modified":"2024-10-07T16:35:28","modified_gmt":"2024-10-07T19:35:28","slug":"seminario-discutiu-autismo-em-santa-rosa","status":"publish","type":"post","link":"https:\/\/www.fumssar.com.br\/?p=9593","title":{"rendered":"Semin\u00e1rio discutiu Autismo em Santa Rosa"},"content":{"rendered":"<p>\u00a0Santa Rosa\u00a0 discutiu\u00a0 um tema de suma import\u00e2ncia na \u00e1rea da sa\u00fade da popula\u00e7\u00e3o na quarta-feira,05. A administra\u00e7\u00e3o municipal atrav\u00e9s da FUMSSAR,CER, tendo como apoiadores a Secretaria de Desenvolvimento Educacional, 14\u00aa Coordenadoria Regional de Sa\u00fade,17\u00aa Coordenadoria Regional de Sa\u00fade e a Associa\u00e7\u00e3o de Pais de Autistas de Santa Rosa, realizou o 1\u00ba Semin\u00e1rio Regional Intersetorial\u00a0 sobre o Autismo\u00a0 e o 5\u00ba Encontro Municipal sobre o Autismo, com o tema: \u201c Tecendo Redes: O cuidado da pessoa com Autismo.<\/p>\n<p>\u00a0\u00a0\u00a0\u00a0\u00a0\u00a0\u00a0\u00a0\u00a0\u00a0\u00a0\u00a0\u00a0\u00a0\u00a0 O evento foi realizado no Centro C\u00edvico Municipal\u00a0 Ant\u00f4nio Carlos Borges e contou com participantes nos tr\u00eas turnos, com participa\u00e7\u00e3o expressiva de p\u00fablico, que segundo os organizadores superou a expectativa. Profissionais de sa\u00fade, educa\u00e7\u00e3o\u00a0 de entidades ligadas ao tema assistiram a palestras com profissionais de alto n\u00edvel que atuam nesta \u00e1rea.<\/p>\n<p>\u00a0\u00a0\u00a0\u00a0\u00a0\u00a0\u00a0\u00a0\u00a0\u00a0\u00a0\u00a0\u00a0\u00a0\u00a0 O Semin\u00e1rio al\u00e9m de abordar temas relevantes, marcou tamb\u00e9m a Semana do Autismo e o Dia Mundial de Conscientiza\u00e7\u00e3o sobre o Autismo que\u00a0 foi institu\u00eddo pela Organiza\u00e7\u00e3o Mundial da Sa\u00fade\u00a0 como o dia 2 de abril. Durante a primeira semana de abril ocorrem eventos no mundo inteiro a fim de levar informa\u00e7\u00e3o, desmitificar e diminuir preconceitos\u00a0 com os autistas.<\/p>\n<p>\u00a0\u00a0\u00a0\u00a0\u00a0\u00a0\u00a0\u00a0\u00a0\u00a0\u00a0\u00a0\u00a0\u00a0\u00a0 Al\u00e9m de palestras foram apresentados depoimentos de pais, de profissionais e tamb\u00e9m\u00a0 foi apresentada a rede p\u00fablica municipal de aten\u00e7\u00e3o \u00e0 pessoa com autismo. O Prefeito Municipal Alcides Vicini\u00a0 classificou o evento como de grande qualidade com profissionais e pessoas envolvidas com a causa.<\/p>\n<p>\u00a0\u00a0\u00a0\u00a0\u00a0\u00a0\u00a0\u00a0\u00a0\u00a0\u00a0\u00a0\u00a0\u00a0\u00a0 O presidente da FUMSSAR Anderson Mantei destacou que a rede p\u00fablica do munic\u00edpio est\u00e1 muito bem preparada com profissionais capacitados para atender a demanda e que atualmente possui um Centro Especializado de\u00a0 Reabilita\u00e7\u00e3o Intelectual e Auditiva-CER que atende a estes pacientes. Mantei\u00a0 parabenizou os participantes e a equipe organizadora pela grandeza do evento.<\/p>\n<p>\u00a0\u00a0\u00a0\u00a0\u00a0\u00a0\u00a0\u00a0\u00a0\u00a0\u00a0\u00a0\u00a0\u00a0\u00a0<a href=\"http:\/\/www.fumssar.com.br\/wp-content\/uploads\/2017\/04\/semi-autismo-2.jpg\"><img loading=\"lazy\" decoding=\"async\" class=\"alignnone size-medium wp-image-9595\" alt=\"semi autismo 2\" src=\"http:\/\/www.fumssar.com.br\/wp-content\/uploads\/2017\/04\/semi-autismo-2-300x199.jpg\" width=\"300\" height=\"199\" srcset=\"https:\/\/www.fumssar.com.br\/wp-content\/uploads\/2017\/04\/semi-autismo-2-300x199.jpg 300w, https:\/\/www.fumssar.com.br\/wp-content\/uploads\/2017\/04\/semi-autismo-2.jpg 800w\" sizes=\"(max-width: 300px) 100vw, 300px\" \/><\/a><\/p>\n","protected":false},"excerpt":{"rendered":"<p>\u00a0Santa Rosa\u00a0 discutiu\u00a0 um tema de suma import\u00e2ncia na \u00e1rea da sa\u00fade da popula\u00e7\u00e3o na&#8230;<\/p>\n","protected":false},"author":11,"featured_media":9594,"comment_status":"open","ping_status":"open","sticky":false,"template":"","format":"standard","meta":{"footnotes":""},"categories":[2],"tags":[],"_links":{"self":[{"href":"https:\/\/www.fumssar.com.br\/index.php?rest_route=\/wp\/v2\/posts\/9593"}],"collection":[{"href":"https:\/\/www.fumssar.com.br\/index.php?rest_route=\/wp\/v2\/posts"}],"about":[{"href":"https:\/\/www.fumssar.com.br\/index.php?rest_route=\/wp\/v2\/types\/post"}],"author":[{"embeddable":true,"href":"https:\/\/www.fumssar.com.br\/index.php?rest_route=\/wp\/v2\/users\/11"}],"replies":[{"embeddable":true,"href":"https:\/\/www.fumssar.com.br\/index.php?rest_route=%2Fwp%2Fv2%2Fcomments&post=9593"}],"version-history":[{"count":1,"href":"https:\/\/www.fumssar.com.br\/index.php?rest_route=\/wp\/v2\/posts\/9593\/revisions"}],"predecessor-version":[{"id":9596,"href":"https:\/\/www.fumssar.com.br\/index.php?rest_route=\/wp\/v2\/posts\/9593\/revisions\/9596"}],"wp:featuredmedia":[{"embeddable":true,"href":"https:\/\/www.fumssar.com.br\/index.php?rest_route=\/wp\/v2\/media\/9594"}],"wp:attachment":[{"href":"https:\/\/www.fumssar.com.br\/index.php?rest_route=%2Fwp%2Fv2%2Fmedia&parent=9593"}],"wp:term":[{"taxonomy":"category","embeddable":true,"href":"https:\/\/www.fumssar.com.br\/index.php?rest_route=%2Fwp%2Fv2%2Fcategories&post=9593"},{"taxonomy":"post_tag","embeddable":true,"href":"https:\/\/www.fumssar.com.br\/index.php?rest_route=%2Fwp%2Fv2%2Ftags&post=9593"}],"curies":[{"name":"wp","href":"https:\/\/api.w.org\/{rel}","templated":true}]}}