{"id":9574,"date":"2017-03-29T17:12:38","date_gmt":"2017-03-29T20:12:38","guid":{"rendered":"http:\/\/www.fumssar.com.br\/?p=9574"},"modified":"2024-10-07T16:35:28","modified_gmt":"2024-10-07T19:35:28","slug":"1o-seminario-regional-intersetorial-sobre-o-autismo-e-5o-encontro-municipal-sobre-autismo","status":"publish","type":"post","link":"https:\/\/www.fumssar.com.br\/?p=9574","title":{"rendered":"1\u00ba Semin\u00e1rio Regional Intersetorial sobre o Autismo e 5\u00ba Encontro Municipal sobre Autismo."},"content":{"rendered":"<p align=\"center\"><b>1\u00b0 Semin\u00e1rio Regional Intersetorial sobre o Autismo<\/b> e o <b>5<\/b><b>\u00b0<\/b><b> <\/b><b>Encontro<\/b><b> <\/b><b>Municipal<\/b><b> <\/b><b>sobre<\/b><b> <\/b><b>Autismo<\/b><\/p>\n<p align=\"center\"><b>PROGRAMA\u00c7\u00c3O<\/b><\/p>\n<table width=\"587\" border=\"1\" cellspacing=\"0\" cellpadding=\"0\">\n<tbody>\n<tr>\n<td valign=\"top\" width=\"124\">8h \u2013 9h<\/td>\n<td valign=\"top\" width=\"463\">Recep\u00e7\u00e3o, credenciamento e coffee break<\/td>\n<\/tr>\n<tr>\n<td valign=\"top\" width=\"124\">9h<\/td>\n<td valign=\"top\" width=\"463\">Acolhida e apresenta\u00e7\u00e3o de v\u00eddeos<\/td>\n<\/tr>\n<tr>\n<td valign=\"top\" width=\"124\">9h 30min<\/td>\n<td valign=\"top\" width=\"463\">Mesa redonda: Processo do diagn\u00f3stico: interven\u00e7\u00f5es \u2013 sa\u00fade, fam\u00edlia e escola.\u00a0<\/p>\n<p>\u00a0\u00a0\u00a0\u00a0\u00a0\u00a0\u00a0 Dra. Psic\u00f3loga Regina Basso Zanon<\/p>\n<p>\u00a0\u00a0\u00a0\u00a0\u00a0\u00a0\u00a0 Psic\u00f3loga Giuliana Chiapin.<\/p>\n<p>&nbsp;<\/td>\n<\/tr>\n<tr>\n<td valign=\"top\" width=\"124\">11h30min<\/td>\n<td valign=\"top\" width=\"463\">Plen\u00e1ria de d\u00favidas<\/td>\n<\/tr>\n<tr>\n<td valign=\"top\" width=\"124\">12h<\/td>\n<td valign=\"top\" width=\"463\">Almo\u00e7o<\/td>\n<\/tr>\n<tr>\n<td valign=\"top\" width=\"124\">13h 30min<\/td>\n<td valign=\"top\" width=\"463\">Retorno e abertura oficial do evento<\/td>\n<\/tr>\n<tr>\n<td valign=\"top\" width=\"124\">14h 15min<\/td>\n<td valign=\"top\" width=\"463\">Constitui\u00e7\u00e3o das Redes<\/td>\n<\/tr>\n<tr>\n<td valign=\"top\" width=\"124\">15h &#8212;\u00a0\u00a0\u00a0\u00a0\u00a0\u00a0\u00a0\u00a0\u00a0 16h 30min<\/td>\n<td valign=\"top\" width=\"463\">Interven\u00e7\u00f5es para o desenvolvimento da pessoa com Autismo: definindo pap\u00e9is.<\/p>\n<p>\u00a0\u00a0\u00a0\u00a0\u00a0\u00a0\u00a0 Neuropsicopedagoga Vanessa Maghry<\/td>\n<\/tr>\n<tr>\n<td valign=\"top\" width=\"124\">16 30min<\/p>\n<p>17h<\/td>\n<td valign=\"top\" width=\"463\">Plen\u00e1ria de d\u00favidas<\/td>\n<\/tr>\n<tr>\n<td valign=\"top\" width=\"124\">17h<\/td>\n<td valign=\"top\" width=\"463\">Coffee break<\/td>\n<\/tr>\n<tr>\n<td valign=\"top\" width=\"124\">&nbsp;<\/td>\n<td valign=\"top\" width=\"463\"><i>Intervalo<\/i><\/td>\n<\/tr>\n<tr>\n<td valign=\"top\" width=\"124\">19h<\/td>\n<td valign=\"top\" width=\"463\">Mesa redonda: Construindo redes: fam\u00edlia, educa\u00e7\u00e3o e sa\u00fade<\/p>\n<p>\u00a0\u00a0\u00a0\u00a0\u00a0\u00a0\u00a0 Dra. Psic\u00f3loga Regina Basso Zanon<\/p>\n<p>\u00a0\u00a0\u00a0\u00a0\u00a0\u00a0\u00a0 Neuropsicopedagoga Vanessa Magrhy<\/td>\n<\/tr>\n<tr>\n<td valign=\"top\" width=\"124\">20h30min<\/td>\n<td valign=\"top\" width=\"463\">Plen\u00e1ria de d\u00favidas<\/td>\n<\/tr>\n<tr>\n<td valign=\"top\" width=\"124\">21h<\/td>\n<td valign=\"top\" width=\"463\">Encerramento<\/td>\n<\/tr>\n<\/tbody>\n<\/table>\n<p>&nbsp;<\/p>\n<p>O evento ser\u00e1 realizado em parceria com as seguintes institui\u00e7\u00f5es: Secretaria de Desenvolvimento Educacional (SDE), 17\u00b0 Coordenadoria Regional de Educa\u00e7\u00e3o (CRE), 14\u00b0 Coordenadoria Regional de Sa\u00fade (CES), Associa\u00e7\u00e3o de Autistas de Santa Rosa.<\/p>\n<p align=\"center\"><b>SUGEST\u00c3O:<\/b> O dia do Autismo \u00e9 marcado pela cor azul, por isso sugere-se usar azul ou branco neste dia!<\/p>\n<p align=\"center\">\u00a0<\/p>\n<p align=\"center\">inscri\u00e7\u00f5es:<\/p>\n<p align=\"center\"><a href=\"mailto:seminarioregionalsobreautismo@gmail.com\">seminarioregionalsobreautismo@gmail.com<\/a><\/p>\n","protected":false},"excerpt":{"rendered":"<p>1\u00b0 Semin\u00e1rio Regional Intersetorial sobre o Autismo e o 5\u00b0 Encontro Municipal sobre Autismo PROGRAMA\u00c7\u00c3O&#8230;<\/p>\n","protected":false},"author":11,"featured_media":9575,"comment_status":"open","ping_status":"open","sticky":false,"template":"","format":"standard","meta":{"footnotes":""},"categories":[2],"tags":[],"_links":{"self":[{"href":"https:\/\/www.fumssar.com.br\/index.php?rest_route=\/wp\/v2\/posts\/9574"}],"collection":[{"href":"https:\/\/www.fumssar.com.br\/index.php?rest_route=\/wp\/v2\/posts"}],"about":[{"href":"https:\/\/www.fumssar.com.br\/index.php?rest_route=\/wp\/v2\/types\/post"}],"author":[{"embeddable":true,"href":"https:\/\/www.fumssar.com.br\/index.php?rest_route=\/wp\/v2\/users\/11"}],"replies":[{"embeddable":true,"href":"https:\/\/www.fumssar.com.br\/index.php?rest_route=%2Fwp%2Fv2%2Fcomments&post=9574"}],"version-history":[{"count":1,"href":"https:\/\/www.fumssar.com.br\/index.php?rest_route=\/wp\/v2\/posts\/9574\/revisions"}],"predecessor-version":[{"id":9576,"href":"https:\/\/www.fumssar.com.br\/index.php?rest_route=\/wp\/v2\/posts\/9574\/revisions\/9576"}],"wp:featuredmedia":[{"embeddable":true,"href":"https:\/\/www.fumssar.com.br\/index.php?rest_route=\/wp\/v2\/media\/9575"}],"wp:attachment":[{"href":"https:\/\/www.fumssar.com.br\/index.php?rest_route=%2Fwp%2Fv2%2Fmedia&parent=9574"}],"wp:term":[{"taxonomy":"category","embeddable":true,"href":"https:\/\/www.fumssar.com.br\/index.php?rest_route=%2Fwp%2Fv2%2Fcategories&post=9574"},{"taxonomy":"post_tag","embeddable":true,"href":"https:\/\/www.fumssar.com.br\/index.php?rest_route=%2Fwp%2Fv2%2Ftags&post=9574"}],"curies":[{"name":"wp","href":"https:\/\/api.w.org\/{rel}","templated":true}]}}