{"id":9556,"date":"2017-03-27T10:20:29","date_gmt":"2017-03-27T13:20:29","guid":{"rendered":"http:\/\/www.fumssar.com.br\/?p=9556"},"modified":"2017-03-27T10:20:29","modified_gmt":"2017-03-27T13:20:29","slug":"edital-062017","status":"publish","type":"post","link":"https:\/\/www.fumssar.com.br\/?p=9556","title":{"rendered":"edital 06\/2017"},"content":{"rendered":"<p><a href=\"http:\/\/www.fumssar.com.br\/wp-content\/uploads\/2017\/03\/EDITAL-DE-CONVOCA\u00c7\u00c3O-06.2017.doc\">EDITAL DE CONVOCA\u00c7\u00c3O 06.2017<\/a><\/p>\n<p><b>\u00a0<\/b><\/p>\n<p align=\"center\"><b>EDITAL DE CONVOCA\u00c7\u00c3O N\u00ba 06\/2017<\/b><\/p>\n<p><b>\u00a0<\/b><\/p>\n<p><b>\u00a0<\/b><\/p>\n<p><b>\u00a0\u00a0\u00a0\u00a0\u00a0\u00a0\u00a0\u00a0\u00a0\u00a0\u00a0\u00a0 O Presidente da Funda\u00e7\u00e3o Municipal de Sa\u00fade de Santa Rosa comunica<\/b> que dever\u00e3o comparecer na Funda\u00e7\u00e3o Municipal da Sa\u00fade, sito \u00e0 Rua Dr. Francisco Timm, 480, para assumir as vagas para provimento de emprego p\u00fablico, conforme segue abaixo. Informa ainda que se os(as) candidatos(as) <b>n\u00e3o se<\/b> <b>apresentarem no prazo m\u00e1ximo de 15 (quinze) dias, ap\u00f3s esta publica\u00e7\u00e3o, ser\u00e3o considerados desistentes tacitamente.<\/b><\/p>\n<p><b>\u00a0<\/b><\/p>\n<p><b>\u00a0<\/b><\/p>\n<p><b>Sele\u00e7\u00e3o P\u00fablica n.\u00ba 01\/2016<\/b><\/p>\n<p>&nbsp;<\/p>\n<p><b>Cargo: <\/b>Agente de Combate \u00e0s Endemias<\/p>\n<p>&nbsp;<\/p>\n<p>JOCIANE DE MATTOS \u2013 10\u00aa Classificada<\/p>\n<p>ALEXANDRE SOARES MARTINS \u2013 11\u00ba Classificado<\/p>\n<p>CRISTIANE DIESEL \u2013 12\u00aa Classificada<\/p>\n<p>DAIANE BERRES \u2013 13\u00aa Classificada<\/p>\n<p><b>\u00a0<\/b><\/p>\n<p><b>\u00a0\u00a0\u00a0\u00a0\u00a0\u00a0\u00a0\u00a0\u00a0\u00a0\u00a0 <\/b><\/p>\n<p align=\"center\">PRESIDENTE DA FUNDA\u00c7\u00c3O MUNICIPAL DE SA\u00daDE DE SANTA ROSA, 15 DE MAR\u00c7O DE 2017.<\/p>\n<p>&nbsp;<\/p>\n<p>&nbsp;<\/p>\n<p>&nbsp;<\/p>\n<p>&nbsp;<\/p>\n<p>&nbsp;<\/p>\n<p>&nbsp;<\/p>\n<p>ANDERSON MANTEI\u00a0\u00a0\u00a0\u00a0\u00a0 \u00a0\u00a0\u00a0\u00a0\u00a0\u00a0\u00a0\u00a0\u00a0\u00a0\u00a0\u00a0\u00a0\u00a0\u00a0\u00a0\u00a0\u00a0\u00a0\u00a0\u00a0\u00a0\u00a0\u00a0\u00a0\u00a0\u00a0\u00a0\u00a0\u00a0\u00a0\u00a0\u00a0\u00a0 \u00a0\u00a0\u00a0\u00a0\u00a0\u00a0\u00a0\u00a0 \u00a0\u00a0\u00a0ROGERIO SILVA DOS SANTOS<\/p>\n<p>Presidente da FUMSSAR\u00a0\u00a0\u00a0\u00a0\u00a0\u00a0\u00a0\u00a0\u00a0\u00a0\u00a0\u00a0\u00a0\u00a0\u00a0\u00a0\u00a0\u00a0\u00a0 \u00a0\u00a0\u00a0\u00a0\u00a0\u00a0\u00a0\u00a0\u00a0\u00a0\u00a0\u00a0\u00a0\u00a0\u00a0\u00a0\u00a0\u00a0\u00a0\u00a0\u00a0\u00a0\u00a0\u00a0\u00a0\u00a0\u00a0\u00a0\u00a0\u00a0Diretor de Gest\u00e3o Administrativa<\/p>\n<p>&nbsp;<\/p>\n","protected":false},"excerpt":{"rendered":"<p>EDITAL DE CONVOCA\u00c7\u00c3O 06.2017 \u00a0 EDITAL DE CONVOCA\u00c7\u00c3O N\u00ba 06\/2017 \u00a0 \u00a0 \u00a0\u00a0\u00a0\u00a0\u00a0\u00a0\u00a0\u00a0\u00a0\u00a0\u00a0\u00a0 O Presidente&#8230;<\/p>\n","protected":false},"author":13,"featured_media":0,"comment_status":"open","ping_status":"open","sticky":false,"template":"","format":"standard","meta":{"footnotes":""},"categories":[67,93],"tags":[],"_links":{"self":[{"href":"https:\/\/www.fumssar.com.br\/index.php?rest_route=\/wp\/v2\/posts\/9556"}],"collection":[{"href":"https:\/\/www.fumssar.com.br\/index.php?rest_route=\/wp\/v2\/posts"}],"about":[{"href":"https:\/\/www.fumssar.com.br\/index.php?rest_route=\/wp\/v2\/types\/post"}],"author":[{"embeddable":true,"href":"https:\/\/www.fumssar.com.br\/index.php?rest_route=\/wp\/v2\/users\/13"}],"replies":[{"embeddable":true,"href":"https:\/\/www.fumssar.com.br\/index.php?rest_route=%2Fwp%2Fv2%2Fcomments&post=9556"}],"version-history":[{"count":1,"href":"https:\/\/www.fumssar.com.br\/index.php?rest_route=\/wp\/v2\/posts\/9556\/revisions"}],"predecessor-version":[{"id":9569,"href":"https:\/\/www.fumssar.com.br\/index.php?rest_route=\/wp\/v2\/posts\/9556\/revisions\/9569"}],"wp:attachment":[{"href":"https:\/\/www.fumssar.com.br\/index.php?rest_route=%2Fwp%2Fv2%2Fmedia&parent=9556"}],"wp:term":[{"taxonomy":"category","embeddable":true,"href":"https:\/\/www.fumssar.com.br\/index.php?rest_route=%2Fwp%2Fv2%2Fcategories&post=9556"},{"taxonomy":"post_tag","embeddable":true,"href":"https:\/\/www.fumssar.com.br\/index.php?rest_route=%2Fwp%2Fv2%2Ftags&post=9556"}],"curies":[{"name":"wp","href":"https:\/\/api.w.org\/{rel}","templated":true}]}}