{"id":9535,"date":"2017-03-22T15:09:28","date_gmt":"2017-03-22T18:09:28","guid":{"rendered":"http:\/\/www.fumssar.com.br\/?p=9535"},"modified":"2024-10-07T16:35:28","modified_gmt":"2024-10-07T19:35:28","slug":"fumssar-realizou-monitoramento-de-cobertura-vacinal-da-febre-amarela-com-moradores-do-interior-do-municipio","status":"publish","type":"post","link":"https:\/\/www.fumssar.com.br\/?p=9535","title":{"rendered":"FUMSSAR realizou monitoramento de cobertura vacinal da febre amarela com moradores do interior do munic\u00edpio"},"content":{"rendered":"<p>A Funda\u00e7\u00e3o Municipal de Sa\u00fade \u2013 FUMSSAR, realizou a consolida\u00e7\u00e3o do Monitoramento R\u00e1pido\u00a0 de Cobertura Vacinal(MRCV) nas localidades do interior do munic\u00edpio de Santa Rosa. O trabalho envolveu todos os profissionais das Unidades de Sa\u00fade em suas respectivas \u00e1reas de abrang\u00eancia.<\/p>\n<p>\u00a0\u00a0\u00a0\u00a0\u00a0\u00a0\u00a0\u00a0\u00a0\u00a0\u00a0\u00a0\u00a0\u00a0\u00a0 Durante o per\u00edodo de monitoramento foram visitadas 3047 resid\u00eancias, totalizando 8235 pessoas nos locais. Deste total \u00a05853 pessoas apresentaram comprovante de vacina\u00e7\u00e3o contra a febre amarela e durante o per\u00edodo do levantamento outras 347 foram vacinadas pelos profissionais.<\/p>\n<p>\u00a0\u00a0\u00a0\u00a0\u00a0\u00a0\u00a0\u00a0\u00a0\u00a0\u00a0\u00a0\u00a0\u00a0\u00a0 Alice Horfferber diretora de aten\u00e7\u00e3o prim\u00e1ria\u00a0 destacou que o monitoramento \u00e9 uma determina\u00e7\u00e3o do Minist\u00e9rio da Sa\u00fade \u00a0j\u00e1 o Pa\u00eds apresenta diversos pontos com surtos de febre amarela. A diretora ressaltou ainda que houve\u00a0 empenho dos profissionais na realiza\u00e7\u00e3o da atividade que durante um feriad\u00e3o todos os profissionais n\u00e3o mediram esfor\u00e7os para que o monitoramento fosse conclu\u00eddo.<\/p>\n","protected":false},"excerpt":{"rendered":"<p>A Funda\u00e7\u00e3o Municipal de Sa\u00fade \u2013 FUMSSAR, realizou a consolida\u00e7\u00e3o do Monitoramento R\u00e1pido\u00a0 de Cobertura&#8230;<\/p>\n","protected":false},"author":11,"featured_media":9536,"comment_status":"open","ping_status":"open","sticky":false,"template":"","format":"standard","meta":{"footnotes":""},"categories":[2],"tags":[],"_links":{"self":[{"href":"https:\/\/www.fumssar.com.br\/index.php?rest_route=\/wp\/v2\/posts\/9535"}],"collection":[{"href":"https:\/\/www.fumssar.com.br\/index.php?rest_route=\/wp\/v2\/posts"}],"about":[{"href":"https:\/\/www.fumssar.com.br\/index.php?rest_route=\/wp\/v2\/types\/post"}],"author":[{"embeddable":true,"href":"https:\/\/www.fumssar.com.br\/index.php?rest_route=\/wp\/v2\/users\/11"}],"replies":[{"embeddable":true,"href":"https:\/\/www.fumssar.com.br\/index.php?rest_route=%2Fwp%2Fv2%2Fcomments&post=9535"}],"version-history":[{"count":1,"href":"https:\/\/www.fumssar.com.br\/index.php?rest_route=\/wp\/v2\/posts\/9535\/revisions"}],"predecessor-version":[{"id":9537,"href":"https:\/\/www.fumssar.com.br\/index.php?rest_route=\/wp\/v2\/posts\/9535\/revisions\/9537"}],"wp:featuredmedia":[{"embeddable":true,"href":"https:\/\/www.fumssar.com.br\/index.php?rest_route=\/wp\/v2\/media\/9536"}],"wp:attachment":[{"href":"https:\/\/www.fumssar.com.br\/index.php?rest_route=%2Fwp%2Fv2%2Fmedia&parent=9535"}],"wp:term":[{"taxonomy":"category","embeddable":true,"href":"https:\/\/www.fumssar.com.br\/index.php?rest_route=%2Fwp%2Fv2%2Fcategories&post=9535"},{"taxonomy":"post_tag","embeddable":true,"href":"https:\/\/www.fumssar.com.br\/index.php?rest_route=%2Fwp%2Fv2%2Ftags&post=9535"}],"curies":[{"name":"wp","href":"https:\/\/api.w.org\/{rel}","templated":true}]}}