{"id":9331,"date":"2017-02-07T13:32:46","date_gmt":"2017-02-07T16:32:46","guid":{"rendered":"http:\/\/www.fumssar.com.br\/?p=9331"},"modified":"2024-10-07T16:35:29","modified_gmt":"2024-10-07T19:35:29","slug":"fumssar-realizou-mais-uma-etapa-do-programa-de-aperfeicoamento-da-gestao","status":"publish","type":"post","link":"https:\/\/www.fumssar.com.br\/?p=9331","title":{"rendered":"FUMSSAR realizou mais uma etapa do programa de aperfei\u00e7oamento da gest\u00e3o"},"content":{"rendered":"<p>A atual administra\u00e7\u00e3o da Funda\u00e7\u00e3o Municipal de Sa\u00fade de Santa Rosa-FUMSSAR, est\u00e1 implantando o Programa de Aperfei\u00e7oamento da Gest\u00e3o. Segundo Anderson Mantei presidente da institui\u00e7\u00e3o, o processo ser\u00e1 implantado de forma gradativa passando por diversas etapas. Mantei ressaltou ainda que o objetivo do programa \u00e9 potencializar um atendimento humanizado e transpar\u00eancia buscando a redu\u00e7\u00e3o de gastos sem comprometer o atendimento \u00e0 popula\u00e7\u00e3o.<\/p>\n<p>\u00a0\u00a0\u00a0\u00a0\u00a0\u00a0\u00a0\u00a0\u00a0\u00a0\u00a0 Esta semana iniciou-se a terceira etapa do projeto, com a realiza\u00e7\u00e3o de uma reuni\u00e3o entre o diretor de gest\u00e3o estrat\u00e9gica Ademir Rosa, que \u00e9 o respons\u00e1vel pela implanta\u00e7\u00e3o do processo e um grupo que ter\u00e1 a fun\u00e7\u00e3o de multiplicadores. Ademir frisou a import\u00e2ncia de ter \u00a0\u00a0\u00a0\u00a0\u00a0\u00a0 uma equipe bem treinada e motivada, pois s\u00e3o eles que dar\u00e3o a sustentabilidade ao programa. A pr\u00f3xima etapa ser\u00e1 a cria\u00e7\u00e3o de padr\u00f5es e a defini\u00e7\u00e3o dos processos priorit\u00e1rios<\/p>\n","protected":false},"excerpt":{"rendered":"<p>A atual administra\u00e7\u00e3o da Funda\u00e7\u00e3o Municipal de Sa\u00fade de Santa Rosa-FUMSSAR, est\u00e1 implantando o Programa&#8230;<\/p>\n","protected":false},"author":11,"featured_media":9332,"comment_status":"open","ping_status":"open","sticky":false,"template":"","format":"standard","meta":{"footnotes":""},"categories":[2],"tags":[],"_links":{"self":[{"href":"https:\/\/www.fumssar.com.br\/index.php?rest_route=\/wp\/v2\/posts\/9331"}],"collection":[{"href":"https:\/\/www.fumssar.com.br\/index.php?rest_route=\/wp\/v2\/posts"}],"about":[{"href":"https:\/\/www.fumssar.com.br\/index.php?rest_route=\/wp\/v2\/types\/post"}],"author":[{"embeddable":true,"href":"https:\/\/www.fumssar.com.br\/index.php?rest_route=\/wp\/v2\/users\/11"}],"replies":[{"embeddable":true,"href":"https:\/\/www.fumssar.com.br\/index.php?rest_route=%2Fwp%2Fv2%2Fcomments&post=9331"}],"version-history":[{"count":1,"href":"https:\/\/www.fumssar.com.br\/index.php?rest_route=\/wp\/v2\/posts\/9331\/revisions"}],"predecessor-version":[{"id":9333,"href":"https:\/\/www.fumssar.com.br\/index.php?rest_route=\/wp\/v2\/posts\/9331\/revisions\/9333"}],"wp:featuredmedia":[{"embeddable":true,"href":"https:\/\/www.fumssar.com.br\/index.php?rest_route=\/wp\/v2\/media\/9332"}],"wp:attachment":[{"href":"https:\/\/www.fumssar.com.br\/index.php?rest_route=%2Fwp%2Fv2%2Fmedia&parent=9331"}],"wp:term":[{"taxonomy":"category","embeddable":true,"href":"https:\/\/www.fumssar.com.br\/index.php?rest_route=%2Fwp%2Fv2%2Fcategories&post=9331"},{"taxonomy":"post_tag","embeddable":true,"href":"https:\/\/www.fumssar.com.br\/index.php?rest_route=%2Fwp%2Fv2%2Ftags&post=9331"}],"curies":[{"name":"wp","href":"https:\/\/api.w.org\/{rel}","templated":true}]}}