{"id":9328,"date":"2017-02-03T12:55:12","date_gmt":"2017-02-03T15:55:12","guid":{"rendered":"http:\/\/www.fumssar.com.br\/?p=9328"},"modified":"2024-10-07T16:35:29","modified_gmt":"2024-10-07T19:35:29","slug":"fumssar-realizara-dia-d-de-combate-ao-aedes-aegypti","status":"publish","type":"post","link":"https:\/\/www.fumssar.com.br\/?p=9328","title":{"rendered":"FUMSSAR realizar\u00e1 dia \u201cD\u201d de combate ao Aedes aegypti"},"content":{"rendered":"<p>O Departamento de Gest\u00e3o da Aten\u00e7\u00e3o Prim\u00e1ria em Sa\u00fade da FUMSSAR, atrav\u00e9s do setor de vigil\u00e2ncia em sa\u00fade, est\u00e1 preparando a\u00e7\u00f5es para a realiza\u00e7\u00e3o do Dia \u201cD\u201d de combate ao mosquito Aedes aegypti transmissor da dengue, febre chikungunya e \u00a0zika v\u00edrus.<\/p>\n<p>\u00a0\u00a0\u00a0\u00a0\u00a0\u00a0\u00a0\u00a0\u00a0\u00a0\u00a0\u00a0\u00a0\u00a0\u00a0 V\u00e1rias atividades est\u00e3o previstas para o dia 10 de fevereiro \u00a0data denominada de \u201cSexta-Feira sem Aedes\u201d, tais como panfletagem, em diversos pontos da cidade, bem como em empresas. Tamb\u00e9m ser\u00e3o realizadas palestras em empresas clubes com pr\u00e9vio agendamento.<\/p>\n<p>\u00a0\u00a0\u00a0\u00a0\u00a0\u00a0\u00a0\u00a0\u00a0\u00a0\u00a0\u00a0\u00a0\u00a0\u00a0 Segundo a diretora Alice Hofferber a data foi sugerida pelo Minist\u00e9rio da Sa\u00fade que al\u00e9m das a\u00e7\u00f5es di\u00e1rias no combate e orienta\u00e7\u00e3o, objetiva alertar \u00a0a popula\u00e7\u00e3o sobre a import\u00e2ncia da preven\u00e7\u00e3o da prolifera\u00e7\u00e3o do vetor.<\/p>\n","protected":false},"excerpt":{"rendered":"<p>O Departamento de Gest\u00e3o da Aten\u00e7\u00e3o Prim\u00e1ria em Sa\u00fade da FUMSSAR, atrav\u00e9s do setor de&#8230;<\/p>\n","protected":false},"author":11,"featured_media":9329,"comment_status":"open","ping_status":"open","sticky":false,"template":"","format":"standard","meta":{"footnotes":""},"categories":[2],"tags":[],"_links":{"self":[{"href":"https:\/\/www.fumssar.com.br\/index.php?rest_route=\/wp\/v2\/posts\/9328"}],"collection":[{"href":"https:\/\/www.fumssar.com.br\/index.php?rest_route=\/wp\/v2\/posts"}],"about":[{"href":"https:\/\/www.fumssar.com.br\/index.php?rest_route=\/wp\/v2\/types\/post"}],"author":[{"embeddable":true,"href":"https:\/\/www.fumssar.com.br\/index.php?rest_route=\/wp\/v2\/users\/11"}],"replies":[{"embeddable":true,"href":"https:\/\/www.fumssar.com.br\/index.php?rest_route=%2Fwp%2Fv2%2Fcomments&post=9328"}],"version-history":[{"count":1,"href":"https:\/\/www.fumssar.com.br\/index.php?rest_route=\/wp\/v2\/posts\/9328\/revisions"}],"predecessor-version":[{"id":9330,"href":"https:\/\/www.fumssar.com.br\/index.php?rest_route=\/wp\/v2\/posts\/9328\/revisions\/9330"}],"wp:featuredmedia":[{"embeddable":true,"href":"https:\/\/www.fumssar.com.br\/index.php?rest_route=\/wp\/v2\/media\/9329"}],"wp:attachment":[{"href":"https:\/\/www.fumssar.com.br\/index.php?rest_route=%2Fwp%2Fv2%2Fmedia&parent=9328"}],"wp:term":[{"taxonomy":"category","embeddable":true,"href":"https:\/\/www.fumssar.com.br\/index.php?rest_route=%2Fwp%2Fv2%2Fcategories&post=9328"},{"taxonomy":"post_tag","embeddable":true,"href":"https:\/\/www.fumssar.com.br\/index.php?rest_route=%2Fwp%2Fv2%2Ftags&post=9328"}],"curies":[{"name":"wp","href":"https:\/\/api.w.org\/{rel}","templated":true}]}}