{"id":9225,"date":"2016-12-22T16:21:36","date_gmt":"2016-12-22T19:21:36","guid":{"rendered":"http:\/\/www.fumssar.com.br\/?p=9225"},"modified":"2024-10-07T16:35:29","modified_gmt":"2024-10-07T19:35:29","slug":"comitiva-do-municipio-de-carazinho-esteve-conhecendo-o-sistema-de-saude-de-santa-rosa","status":"publish","type":"post","link":"https:\/\/www.fumssar.com.br\/?p=9225","title":{"rendered":"Comitiva do Munic\u00edpio de Carazinho esteve conhecendo o Sistema de Sa\u00fade de Santa Rosa"},"content":{"rendered":"<p>Uma comitiva do munic\u00edpio de Carazinho visitou na quarta-feira, (21), o munic\u00edpio de Santa Rosa, com o objetivo de conhecer o funcionamento do sistema p\u00fablico de sa\u00fade.<br \/>\nO grupo liderado pelo Prefeito eleito daquela cidade Milton Schmits, teve como participantes integrantes do governo municipal e do Hospital de Caridade de Carazinho, bem como t\u00e9cnicos e gestores na \u00e1rea da sa\u00fade.<br \/>\nPrimeiramente, os visitantes estiveram na Funda\u00e7\u00e3o Municipal de Sa\u00fade \u2013(FUMSSAR), momento em que o presidente D\u00e9lcio Stefan fez uma ampla explana\u00e7\u00e3o do funcionamento do sistema de sa\u00fade da cidade e das refer\u00eancias regionais.<br \/>\nNum segundo momento a visita foi ao Hospital Vida &amp; Sa\u00fade, que \u00e9 prestador de servi\u00e7os ao munic\u00edpio para pacientes do Sistema \u00fanico de Sa\u00fade-(SUS) e tamb\u00e9m para a regi\u00e3o.<br \/>\nO presidente da institui\u00e7\u00e3o hospitalar Elton Walker, fez uma breve apresenta\u00e7\u00e3o das a\u00e7\u00f5es em que o grupo gestor do hospital implantou desde que assumiu a gest\u00e3o da entidade que passou por momentos cr\u00edticos no passado. O presidente Elton conduziu a comitiva em uma visita nas instala\u00e7\u00f5es do hospital, bem como na Unidade de Pronto Atendimento (UPA).<br \/>\nO prefeito eleito visitante ficou impressionado com o modelo de gest\u00e3o na \u00e1rea da sa\u00fade, ressaltando que um de seus maiores desafios \u00e9 por em funcionamento a UPA na cidade em que ele ir\u00e1 comandar.<\/p>\n<p>\u00a0<a href=\"http:\/\/www.fumssar.com.br\/wp-content\/uploads\/2016\/12\/visita-carazinho-2.jpg\"><img loading=\"lazy\" decoding=\"async\" class=\"alignnone size-medium wp-image-9227\" alt=\"visita carazinho 2\" src=\"http:\/\/www.fumssar.com.br\/wp-content\/uploads\/2016\/12\/visita-carazinho-2-300x160.jpg\" width=\"300\" height=\"160\" srcset=\"https:\/\/www.fumssar.com.br\/wp-content\/uploads\/2016\/12\/visita-carazinho-2-300x160.jpg 300w, https:\/\/www.fumssar.com.br\/wp-content\/uploads\/2016\/12\/visita-carazinho-2.jpg 755w\" sizes=\"(max-width: 300px) 100vw, 300px\" \/><\/a><\/p>\n","protected":false},"excerpt":{"rendered":"<p>Uma comitiva do munic\u00edpio de Carazinho visitou na quarta-feira, (21), o munic\u00edpio de Santa Rosa,&#8230;<\/p>\n","protected":false},"author":11,"featured_media":9228,"comment_status":"open","ping_status":"open","sticky":false,"template":"","format":"standard","meta":{"footnotes":""},"categories":[2],"tags":[],"_links":{"self":[{"href":"https:\/\/www.fumssar.com.br\/index.php?rest_route=\/wp\/v2\/posts\/9225"}],"collection":[{"href":"https:\/\/www.fumssar.com.br\/index.php?rest_route=\/wp\/v2\/posts"}],"about":[{"href":"https:\/\/www.fumssar.com.br\/index.php?rest_route=\/wp\/v2\/types\/post"}],"author":[{"embeddable":true,"href":"https:\/\/www.fumssar.com.br\/index.php?rest_route=\/wp\/v2\/users\/11"}],"replies":[{"embeddable":true,"href":"https:\/\/www.fumssar.com.br\/index.php?rest_route=%2Fwp%2Fv2%2Fcomments&post=9225"}],"version-history":[{"count":1,"href":"https:\/\/www.fumssar.com.br\/index.php?rest_route=\/wp\/v2\/posts\/9225\/revisions"}],"predecessor-version":[{"id":9229,"href":"https:\/\/www.fumssar.com.br\/index.php?rest_route=\/wp\/v2\/posts\/9225\/revisions\/9229"}],"wp:featuredmedia":[{"embeddable":true,"href":"https:\/\/www.fumssar.com.br\/index.php?rest_route=\/wp\/v2\/media\/9228"}],"wp:attachment":[{"href":"https:\/\/www.fumssar.com.br\/index.php?rest_route=%2Fwp%2Fv2%2Fmedia&parent=9225"}],"wp:term":[{"taxonomy":"category","embeddable":true,"href":"https:\/\/www.fumssar.com.br\/index.php?rest_route=%2Fwp%2Fv2%2Fcategories&post=9225"},{"taxonomy":"post_tag","embeddable":true,"href":"https:\/\/www.fumssar.com.br\/index.php?rest_route=%2Fwp%2Fv2%2Ftags&post=9225"}],"curies":[{"name":"wp","href":"https:\/\/api.w.org\/{rel}","templated":true}]}}