{"id":9197,"date":"2016-12-07T16:33:45","date_gmt":"2016-12-07T19:33:45","guid":{"rendered":"http:\/\/www.fumssar.com.br\/?p=9197"},"modified":"2024-10-07T16:35:30","modified_gmt":"2024-10-07T19:35:30","slug":"unijui-recebeu-o-trofeu-20-anos-da-fumssar","status":"publish","type":"post","link":"https:\/\/www.fumssar.com.br\/?p=9197","title":{"rendered":"UNIJU\u00cd recebeu o \u201cTrof\u00e9u 20 Anos\u201d da FUMSSAR"},"content":{"rendered":"<p align=\"center\">Na noite de ter\u00e7a-feira (06), a Universidade Regional do Noroeste do Estado do Rio Grande do Sul (UNIJU\u00cd), recebeu o \u201cTrof\u00e9u 20 Anos\u201d da FUMSSAR, em uma solenidade realizada no audit\u00f3rio do N\u00facleo de Ensino e Pesquisa (NEP) do munic\u00edpio.<br \/>\nO Trof\u00e9u foi institu\u00eddo com o objetivo de homenagear, pessoas, autoridades, institui\u00e7\u00f5es, que contribu\u00edram com a constru\u00e7\u00e3o do sistema p\u00fablico de sa\u00fade de Santa Rosa.<br \/>\nD\u00e9lcio Stefan, atual presidente da FUMSSAR, classificou como muito oportuno \u00e0 concess\u00e3o da honraria para a Universidade, uma vez que todas as somas de esfor\u00e7os por profissionais na \u00e1rea de sa\u00fade receberam um grande apoio da \u00e1rea de educa\u00e7\u00e3o especializando profissionais em sa\u00fade p\u00fablica.<br \/>\nO Vice-prefeito Dr. Lu\u00eds Ant\u00f4nio Benvegn\u00fa, destacou a participa\u00e7\u00e3o da UNIJU\u00cd na constru\u00e7\u00e3o do sistema, pois a parceria entre as institui\u00e7\u00f5es resulta em formar profissionais que atuam em diversos munic\u00edpios do Pa\u00eds, uma vez que o sistema de Santa Rosa \u00e9 refer\u00eancia nacional, fruto de diversos atores no processo de constru\u00e7\u00e3o que hoje gera muitos resultados na sa\u00fade da comunidade.<br \/>\nO pr\u00f3-reitor da UNIJU\u00cd Campus Santa Rosa, Professor Doutor Ariosto Spalemberger, agradeceu a homenagem em nome da institui\u00e7\u00e3o, e reportou-se quanto \u00e0 qualidade da sa\u00fade ofertada pelo munic\u00edpio aos seus usu\u00e1rios. Ariosto destacou ainda que o reconhecimento da qualidade da sa\u00fade em Santa Rosa \u00e9 fruto um trabalho constru\u00eddo por muitas m\u00e3os.<br \/>\nAutoridades, lideran\u00e7as, funcion\u00e1rios das institui\u00e7\u00f5es prestigiaram o evento.<\/p>\n<p align=\"center\">\u00a0<\/p>\n","protected":false},"excerpt":{"rendered":"<p>Na noite de ter\u00e7a-feira (06), a Universidade Regional do Noroeste do Estado do Rio Grande&#8230;<\/p>\n","protected":false},"author":11,"featured_media":9198,"comment_status":"open","ping_status":"open","sticky":false,"template":"","format":"standard","meta":{"footnotes":""},"categories":[2],"tags":[],"_links":{"self":[{"href":"https:\/\/www.fumssar.com.br\/index.php?rest_route=\/wp\/v2\/posts\/9197"}],"collection":[{"href":"https:\/\/www.fumssar.com.br\/index.php?rest_route=\/wp\/v2\/posts"}],"about":[{"href":"https:\/\/www.fumssar.com.br\/index.php?rest_route=\/wp\/v2\/types\/post"}],"author":[{"embeddable":true,"href":"https:\/\/www.fumssar.com.br\/index.php?rest_route=\/wp\/v2\/users\/11"}],"replies":[{"embeddable":true,"href":"https:\/\/www.fumssar.com.br\/index.php?rest_route=%2Fwp%2Fv2%2Fcomments&post=9197"}],"version-history":[{"count":1,"href":"https:\/\/www.fumssar.com.br\/index.php?rest_route=\/wp\/v2\/posts\/9197\/revisions"}],"predecessor-version":[{"id":9199,"href":"https:\/\/www.fumssar.com.br\/index.php?rest_route=\/wp\/v2\/posts\/9197\/revisions\/9199"}],"wp:featuredmedia":[{"embeddable":true,"href":"https:\/\/www.fumssar.com.br\/index.php?rest_route=\/wp\/v2\/media\/9198"}],"wp:attachment":[{"href":"https:\/\/www.fumssar.com.br\/index.php?rest_route=%2Fwp%2Fv2%2Fmedia&parent=9197"}],"wp:term":[{"taxonomy":"category","embeddable":true,"href":"https:\/\/www.fumssar.com.br\/index.php?rest_route=%2Fwp%2Fv2%2Fcategories&post=9197"},{"taxonomy":"post_tag","embeddable":true,"href":"https:\/\/www.fumssar.com.br\/index.php?rest_route=%2Fwp%2Fv2%2Ftags&post=9197"}],"curies":[{"name":"wp","href":"https:\/\/api.w.org\/{rel}","templated":true}]}}