{"id":9192,"date":"2016-12-07T16:32:18","date_gmt":"2016-12-07T19:32:18","guid":{"rendered":"http:\/\/www.fumssar.com.br\/?p=9192"},"modified":"2024-10-07T16:35:30","modified_gmt":"2024-10-07T19:35:30","slug":"novas-instalacoes-do-laboratorio-da-fumssar-foram-entregues-a-comunidade","status":"publish","type":"post","link":"https:\/\/www.fumssar.com.br\/?p=9192","title":{"rendered":"Novas instala\u00e7\u00f5es do Laborat\u00f3rio da FUMSSAR foram entregues \u00e0 comunidade"},"content":{"rendered":"<p>&nbsp;<\/p>\n<p>Usu\u00e1rios do Sistema \u00danico de Sa\u00fade (SUS), de Santa Rosa, contam com um ambiente moderno e mais qualificado para a realiza\u00e7\u00e3o de exames cl\u00ednicos. A administra\u00e7\u00e3o municipal, atrav\u00e9s da FUMSSAR, inaugurou as novas instala\u00e7\u00f5es do Laborat\u00f3rio de Analises Clinicas na tarde desta segunda-feira (05).<br \/>\nO ato oficial contou com a presen\u00e7a de diversas lideran\u00e7as, autoridades, prestadores de servi\u00e7os, servidores e lideran\u00e7as da comunidade. Tatiana Silva coordenadora do setor fez um relato das atividades desenvolvidas, apresentando a equipe de servidores e, tamb\u00e9m apresentou um breve hist\u00f3rico da implanta\u00e7\u00e3o do Laborat\u00f3rio Municipal.<br \/>\nD\u00e9lcio Stefan presidente da FUMSSAR destacou que desde a cria\u00e7\u00e3o do Laborat\u00f3rio, a ideia sempre foi que ele tivesse um local apropriado para a sua instala\u00e7\u00e3o, o que foi poss\u00edvel gra\u00e7as aos esfor\u00e7os m\u00faltiplos, tornou-se realidade.<br \/>\nO Vice-prefeito, Dr. Lu\u00eds Ant\u00f4nio Benvegn\u00fa, no ato representou o prefeito Alcides Vicini, revelou a sua satisfa\u00e7\u00e3o em participar do momento, vendo a realiza\u00e7\u00e3o de sonhos sendo concretizada nua a\u00e7\u00e3o coletiva com a participa\u00e7\u00e3o de diversos atores.<br \/>\nO Laborat\u00f3rio iniciou suas atividades em 2002, completa neste ano 14 anos na presta\u00e7\u00e3o de servi\u00e7os, atualmente realiza cerca de sete mil exames mensais, todos gratuitos atrav\u00e9s do SUS.<\/p>\n<p><a href=\"http:\/\/www.fumssar.com.br\/wp-content\/uploads\/2016\/12\/inaugura\u00e7\u00e3o-laborat\u00b4rio-2.jpg\"><img loading=\"lazy\" decoding=\"async\" class=\"alignnone size-medium wp-image-9194\" alt=\"inaugura\u00e7\u00e3o laborat\u00b4rio 2\" src=\"http:\/\/www.fumssar.com.br\/wp-content\/uploads\/2016\/12\/inaugura\u00e7\u00e3o-laborat\u00b4rio-2-300x199.jpg\" width=\"300\" height=\"199\" srcset=\"https:\/\/www.fumssar.com.br\/wp-content\/uploads\/2016\/12\/inaugura\u00e7\u00e3o-laborat\u00b4rio-2-300x199.jpg 300w, https:\/\/www.fumssar.com.br\/wp-content\/uploads\/2016\/12\/inaugura\u00e7\u00e3o-laborat\u00b4rio-2.jpg 800w\" sizes=\"(max-width: 300px) 100vw, 300px\" \/><\/a><\/p>\n","protected":false},"excerpt":{"rendered":"<p>&nbsp; Usu\u00e1rios do Sistema \u00danico de Sa\u00fade (SUS), de Santa Rosa, contam com um ambiente&#8230;<\/p>\n","protected":false},"author":11,"featured_media":9193,"comment_status":"open","ping_status":"open","sticky":false,"template":"","format":"standard","meta":{"footnotes":""},"categories":[2],"tags":[],"_links":{"self":[{"href":"https:\/\/www.fumssar.com.br\/index.php?rest_route=\/wp\/v2\/posts\/9192"}],"collection":[{"href":"https:\/\/www.fumssar.com.br\/index.php?rest_route=\/wp\/v2\/posts"}],"about":[{"href":"https:\/\/www.fumssar.com.br\/index.php?rest_route=\/wp\/v2\/types\/post"}],"author":[{"embeddable":true,"href":"https:\/\/www.fumssar.com.br\/index.php?rest_route=\/wp\/v2\/users\/11"}],"replies":[{"embeddable":true,"href":"https:\/\/www.fumssar.com.br\/index.php?rest_route=%2Fwp%2Fv2%2Fcomments&post=9192"}],"version-history":[{"count":2,"href":"https:\/\/www.fumssar.com.br\/index.php?rest_route=\/wp\/v2\/posts\/9192\/revisions"}],"predecessor-version":[{"id":9196,"href":"https:\/\/www.fumssar.com.br\/index.php?rest_route=\/wp\/v2\/posts\/9192\/revisions\/9196"}],"wp:featuredmedia":[{"embeddable":true,"href":"https:\/\/www.fumssar.com.br\/index.php?rest_route=\/wp\/v2\/media\/9193"}],"wp:attachment":[{"href":"https:\/\/www.fumssar.com.br\/index.php?rest_route=%2Fwp%2Fv2%2Fmedia&parent=9192"}],"wp:term":[{"taxonomy":"category","embeddable":true,"href":"https:\/\/www.fumssar.com.br\/index.php?rest_route=%2Fwp%2Fv2%2Fcategories&post=9192"},{"taxonomy":"post_tag","embeddable":true,"href":"https:\/\/www.fumssar.com.br\/index.php?rest_route=%2Fwp%2Fv2%2Ftags&post=9192"}],"curies":[{"name":"wp","href":"https:\/\/api.w.org\/{rel}","templated":true}]}}