{"id":9189,"date":"2016-12-07T16:30:37","date_gmt":"2016-12-07T19:30:37","guid":{"rendered":"http:\/\/www.fumssar.com.br\/?p=9189"},"modified":"2024-10-07T16:35:30","modified_gmt":"2024-10-07T19:35:30","slug":"anderson-mantei-reuniu-se-com-coordenadores-diretores-e-chefias-da-fumssar","status":"publish","type":"post","link":"https:\/\/www.fumssar.com.br\/?p=9189","title":{"rendered":"Anderson Mantei reuniu-se com coordenadores, diretores e chefias da FUMSSAR."},"content":{"rendered":"<p>No corrente processo de transi\u00e7\u00e3o, para a pr\u00f3xima gest\u00e3o da Funda\u00e7\u00e3o Municipal de Sa\u00fade de Santa Rosa (FUMSSAR), o futuro Presidente Anderson Mantei esteve reunido com diretores, gerentes, coordenadores e chefes de setores na tarde desta segunda-feira (05).<br \/>\nNum primeiro momento, Anderson reuniu os coordenadores das Unidades B\u00e1sicas de Sa\u00fade, apresentando a nova diretora da Gest\u00e3o de Aten\u00e7\u00e3o Prim\u00e1ria em Sa\u00fade Alice Klein, que atualmente coordena a UBS J\u00falio de Oliveira.<br \/>\nMantei destacou para os coordenadores a import\u00e2ncia do trabalho que tem sido realizado pela aten\u00e7\u00e3o prim\u00e1ria, que na proposta do sistema p\u00fablico de sa\u00fade trabalha muito a preven\u00e7\u00e3o, o que muito contribui para evitar a utiliza\u00e7\u00e3o dos servi\u00e7os complementares, ou seja, hospitalares, cl\u00ednicos e especializados.<br \/>\nNo segundo encontro com demais respons\u00e1veis por diversos setores da FUMSSAR, Anderson reuniu diretores, gerentes e chefes dos diversos setores da Funda\u00e7\u00e3o. O futuro presidente destacou que pretende implantar uma gest\u00e3o que busca manter os servi\u00e7os que atualmente est\u00e3o bem, buscando melhorias futuras.<br \/>\nMantei anunciou os nomes dos diretores de sua gest\u00e3o a partir de janeiro de 2017: Rog\u00e9rio Santos ser\u00e1 o diretor da Gest\u00e3o Administrativa, D\u00e9lcio Stefan diretor da Rede Complementar, Alice Klein diretora da Gest\u00e3o em Aten\u00e7\u00e3o Prim\u00e1ria em Sa\u00fade e Ademir Rosa na Gest\u00e3o de Planejamento Estrat\u00e9gico e Participativo.<br \/>\nAo encerrar, Anderson ressaltou que pretende realizar encontros mais setorizados para discutir a\u00e7\u00f5es para a sua gest\u00e3o na FUMSSAR.<\/p>\n<p>&nbsp;<\/p>\n","protected":false},"excerpt":{"rendered":"<p>No corrente processo de transi\u00e7\u00e3o, para a pr\u00f3xima gest\u00e3o da Funda\u00e7\u00e3o Municipal de Sa\u00fade de&#8230;<\/p>\n","protected":false},"author":11,"featured_media":9190,"comment_status":"open","ping_status":"open","sticky":false,"template":"","format":"standard","meta":{"footnotes":""},"categories":[2],"tags":[],"_links":{"self":[{"href":"https:\/\/www.fumssar.com.br\/index.php?rest_route=\/wp\/v2\/posts\/9189"}],"collection":[{"href":"https:\/\/www.fumssar.com.br\/index.php?rest_route=\/wp\/v2\/posts"}],"about":[{"href":"https:\/\/www.fumssar.com.br\/index.php?rest_route=\/wp\/v2\/types\/post"}],"author":[{"embeddable":true,"href":"https:\/\/www.fumssar.com.br\/index.php?rest_route=\/wp\/v2\/users\/11"}],"replies":[{"embeddable":true,"href":"https:\/\/www.fumssar.com.br\/index.php?rest_route=%2Fwp%2Fv2%2Fcomments&post=9189"}],"version-history":[{"count":1,"href":"https:\/\/www.fumssar.com.br\/index.php?rest_route=\/wp\/v2\/posts\/9189\/revisions"}],"predecessor-version":[{"id":9191,"href":"https:\/\/www.fumssar.com.br\/index.php?rest_route=\/wp\/v2\/posts\/9189\/revisions\/9191"}],"wp:featuredmedia":[{"embeddable":true,"href":"https:\/\/www.fumssar.com.br\/index.php?rest_route=\/wp\/v2\/media\/9190"}],"wp:attachment":[{"href":"https:\/\/www.fumssar.com.br\/index.php?rest_route=%2Fwp%2Fv2%2Fmedia&parent=9189"}],"wp:term":[{"taxonomy":"category","embeddable":true,"href":"https:\/\/www.fumssar.com.br\/index.php?rest_route=%2Fwp%2Fv2%2Fcategories&post=9189"},{"taxonomy":"post_tag","embeddable":true,"href":"https:\/\/www.fumssar.com.br\/index.php?rest_route=%2Fwp%2Fv2%2Ftags&post=9189"}],"curies":[{"name":"wp","href":"https:\/\/api.w.org\/{rel}","templated":true}]}}