{"id":9153,"date":"2016-11-07T16:04:55","date_gmt":"2016-11-07T19:04:55","guid":{"rendered":"http:\/\/www.fumssar.com.br\/?p=9153"},"modified":"2024-10-07T16:35:30","modified_gmt":"2024-10-07T19:35:30","slug":"nova-ambulancia-para-a-fumssar","status":"publish","type":"post","link":"https:\/\/www.fumssar.com.br\/?p=9153","title":{"rendered":"Nova ambul\u00e2ncia para a FUMSSAR"},"content":{"rendered":"<div>A Funda\u00e7\u00e3o Municipal de Sa\u00fade de Santa Rosa (FUMSSAR) recebeu na tarde de sexta-feira (04) uma ambul\u00e2ncia nova para servir aos usu\u00e1rios do Sistema P\u00fablico de Sa\u00fade do Munic\u00edpio.<br \/>\n\u00a0\u00a0\u00a0\u00a0\u00a0\u00a0\u00a0\u00a0\u00a0\u00a0\u00a0\u00a0 O ve\u00edculo tem capacidade para transportar um paciente acamado e mais cinco passageiros, para consultas e exames. Os recursos para a aquisi\u00e7\u00e3o foram oriundos de indeniza\u00e7\u00f5es de terceiros em dois acidentes contra ve\u00edculos da FUMSSAR e tamb\u00e9m na troca de outros tr\u00eas ve\u00edculos que n\u00e3o estavam sendo utilizados pela institui\u00e7\u00e3o.<br \/>\nO presidente da FUMSSAR D\u00e9lcio Stefan destacou as melhorias realizadas pela gest\u00e3o no setor de transportes ressaltando que mais da metade da frota de ve\u00edculos foi renovada bem como o novo estacionamento de ve\u00edculos trouxe mais organiza\u00e7\u00e3o e qualidade nos servi\u00e7os prestados. \u201cA atual gest\u00e3o investiu muito na qualidade no servi\u00e7o de transporte, isto oferece conforto, seguran\u00e7a aos usu\u00e1rios e nossos servidores\u201d destacou D\u00e9lcio.<\/div>\n<p>O Vice-prefeito de Santa Rosa Dr. Lu\u00eds Ant\u00f4nio Benvegn\u00fa, no ato da entrega fez um relato das melhorias e dos investimentos realizados pela atual administra\u00e7\u00e3o em prol da sa\u00fade. Benvegn\u00fa lembrou as diversas a\u00e7\u00f5es e as obras que trouxeram melhorias no atendimento da popula\u00e7\u00e3o. Referindo-se ao novo ve\u00edculo ele destacou o empenho da atual gest\u00e3o municipal na aplica\u00e7\u00e3o correta dos recursos que sempre prima pela melhoria na qualidade de vida dos mun\u00edcipes. \u201cSempre primamos pela aplica\u00e7\u00e3o correta dos recursos, para que possamos propiciar sempre melhoria na qualidade de vida de nossa comunidade\u201d frisou Benvegn\u00fa.<br \/>\n\u00a0\u00a0\u00a0\u00a0\u00a0\u00a0\u00a0\u00a0\u00a0\u00a0\u00a0 A solenidade foi realizada no estacionamento dos ve\u00edculos da FUMSSAR contando com a presen\u00e7a de autoridades, lideran\u00e7as e servidores.<\/p>\n","protected":false},"excerpt":{"rendered":"<p>A Funda\u00e7\u00e3o Municipal de Sa\u00fade de Santa Rosa (FUMSSAR) recebeu na tarde de sexta-feira (04)&#8230;<\/p>\n","protected":false},"author":11,"featured_media":9154,"comment_status":"open","ping_status":"open","sticky":false,"template":"","format":"standard","meta":{"footnotes":""},"categories":[2],"tags":[],"_links":{"self":[{"href":"https:\/\/www.fumssar.com.br\/index.php?rest_route=\/wp\/v2\/posts\/9153"}],"collection":[{"href":"https:\/\/www.fumssar.com.br\/index.php?rest_route=\/wp\/v2\/posts"}],"about":[{"href":"https:\/\/www.fumssar.com.br\/index.php?rest_route=\/wp\/v2\/types\/post"}],"author":[{"embeddable":true,"href":"https:\/\/www.fumssar.com.br\/index.php?rest_route=\/wp\/v2\/users\/11"}],"replies":[{"embeddable":true,"href":"https:\/\/www.fumssar.com.br\/index.php?rest_route=%2Fwp%2Fv2%2Fcomments&post=9153"}],"version-history":[{"count":1,"href":"https:\/\/www.fumssar.com.br\/index.php?rest_route=\/wp\/v2\/posts\/9153\/revisions"}],"predecessor-version":[{"id":9155,"href":"https:\/\/www.fumssar.com.br\/index.php?rest_route=\/wp\/v2\/posts\/9153\/revisions\/9155"}],"wp:featuredmedia":[{"embeddable":true,"href":"https:\/\/www.fumssar.com.br\/index.php?rest_route=\/wp\/v2\/media\/9154"}],"wp:attachment":[{"href":"https:\/\/www.fumssar.com.br\/index.php?rest_route=%2Fwp%2Fv2%2Fmedia&parent=9153"}],"wp:term":[{"taxonomy":"category","embeddable":true,"href":"https:\/\/www.fumssar.com.br\/index.php?rest_route=%2Fwp%2Fv2%2Fcategories&post=9153"},{"taxonomy":"post_tag","embeddable":true,"href":"https:\/\/www.fumssar.com.br\/index.php?rest_route=%2Fwp%2Fv2%2Ftags&post=9153"}],"curies":[{"name":"wp","href":"https:\/\/api.w.org\/{rel}","templated":true}]}}