{"id":9137,"date":"2016-10-27T15:58:42","date_gmt":"2016-10-27T18:58:42","guid":{"rendered":"http:\/\/www.fumssar.com.br\/?p=9137"},"modified":"2024-10-07T16:35:30","modified_gmt":"2024-10-07T19:35:30","slug":"comissao-da-camara-esteve-na-fumssar","status":"publish","type":"post","link":"https:\/\/www.fumssar.com.br\/?p=9137","title":{"rendered":"Comiss\u00e3o da C\u00e2mara esteve na FUMSSAR"},"content":{"rendered":"<p>A Comiss\u00e3o de Sa\u00fade, Direitos Humanos e Assist\u00eancia Social da C\u00e2mara de Vereadores de Santa Rosa, \u00a0esteve realizando visita <i>in loco <\/i>na Funda\u00e7\u00e3o Municipal de Sa\u00fade de Santa Rosa (FUMSSAR).\u00a0<\/p>\n<p>Na oportunidade os Vereadores Valdemar Fonseca (PMDB), Karina Kucharski(PT) e Fernando Classmann(PTB), verificaram \u00a0o sistema que regula o fornecimento de \u00f3culos, pr\u00f3teses dent\u00e1rias, agendamento de consultas especializadas e encaminhamentos para procedimentos.<\/p>\n<p>A dire\u00e7\u00e3o da FUMSSAR disponibilizou servidores dos setores solicitados e documentos para os vereadores analisarem. O presidente D\u00e9lcio Stefan \u00a0explanou aos membros da comiss\u00e3o que muitas a\u00e7\u00f5es tem sido realizadas visando a melhoria na qualidade dos servi\u00e7os e tamb\u00e9m buscando a transpar\u00eancia. Stefan destacou que recentemente foi reformulado o portal transpar\u00eancia e que em breve tamb\u00e9m a listagem das filas para os diversos servi\u00e7os\u00a0 estar\u00e1 dispon\u00edvel para consulta<\/p>\n","protected":false},"excerpt":{"rendered":"<p>A Comiss\u00e3o de Sa\u00fade, Direitos Humanos e Assist\u00eancia Social da C\u00e2mara de Vereadores de Santa&#8230;<\/p>\n","protected":false},"author":11,"featured_media":9138,"comment_status":"open","ping_status":"open","sticky":false,"template":"","format":"standard","meta":{"footnotes":""},"categories":[2],"tags":[],"_links":{"self":[{"href":"https:\/\/www.fumssar.com.br\/index.php?rest_route=\/wp\/v2\/posts\/9137"}],"collection":[{"href":"https:\/\/www.fumssar.com.br\/index.php?rest_route=\/wp\/v2\/posts"}],"about":[{"href":"https:\/\/www.fumssar.com.br\/index.php?rest_route=\/wp\/v2\/types\/post"}],"author":[{"embeddable":true,"href":"https:\/\/www.fumssar.com.br\/index.php?rest_route=\/wp\/v2\/users\/11"}],"replies":[{"embeddable":true,"href":"https:\/\/www.fumssar.com.br\/index.php?rest_route=%2Fwp%2Fv2%2Fcomments&post=9137"}],"version-history":[{"count":1,"href":"https:\/\/www.fumssar.com.br\/index.php?rest_route=\/wp\/v2\/posts\/9137\/revisions"}],"predecessor-version":[{"id":9139,"href":"https:\/\/www.fumssar.com.br\/index.php?rest_route=\/wp\/v2\/posts\/9137\/revisions\/9139"}],"wp:featuredmedia":[{"embeddable":true,"href":"https:\/\/www.fumssar.com.br\/index.php?rest_route=\/wp\/v2\/media\/9138"}],"wp:attachment":[{"href":"https:\/\/www.fumssar.com.br\/index.php?rest_route=%2Fwp%2Fv2%2Fmedia&parent=9137"}],"wp:term":[{"taxonomy":"category","embeddable":true,"href":"https:\/\/www.fumssar.com.br\/index.php?rest_route=%2Fwp%2Fv2%2Fcategories&post=9137"},{"taxonomy":"post_tag","embeddable":true,"href":"https:\/\/www.fumssar.com.br\/index.php?rest_route=%2Fwp%2Fv2%2Ftags&post=9137"}],"curies":[{"name":"wp","href":"https:\/\/api.w.org\/{rel}","templated":true}]}}