{"id":893,"date":"2014-03-10T17:55:43","date_gmt":"2014-03-10T17:55:43","guid":{"rendered":"http:\/\/www.fumssar.com.br\/?p=893"},"modified":"2024-10-07T16:36:21","modified_gmt":"2024-10-07T19:36:21","slug":"fundacao-esta-vacinando-meninas-contra-o-hpv","status":"publish","type":"post","link":"https:\/\/www.fumssar.com.br\/?p=893","title":{"rendered":"Funda\u00e7\u00e3o est\u00e1 vacinando meninas contra o HPV"},"content":{"rendered":"<p>Iniciou nesta segunda-feira a\u00a0 Campanha\u00a0 Nacional contra o V\u00edrus do Papiloma Humano-HPV, e se estender\u00e1 at\u00e9 10 de abril. Ser\u00e3o vacinadas com a primeira dose, meninas\u00a0 de 11 a 13 anos\u00a0 nascidas ente 11 de mar\u00e7o\u00a0\u00a0 de 2000\u00a0 a 11 de mar\u00e7o de 2003,que conforme orienta\u00e7\u00f5es do Minist\u00e9rio da Sa\u00fade a prioridade s\u00e3o para meninas \u00a0alunas da \u00a0rede p\u00fablica de ensino . A Funda\u00e7\u00e3o Municipal da Sa\u00fade atrav\u00e9s das unidades b\u00e1sicas de sa\u00fade est\u00e1 procedendo a imuniza\u00e7\u00e3o das meninas na pr\u00f3pria escola onde elas estudam. Segundo a coordena\u00e7\u00e3o da campanha existem cerca de 1630\u00a0 meninas nesta faixa et\u00e1ria no munic\u00edpio e a meta \u00e9 atingir 100 % da demanda.<\/p>\n<p>\u00a0\u00a0\u00a0\u00a0\u00a0\u00a0\u00a0\u00a0\u00a0\u00a0\u00a0 O v\u00edrus HPV \u00e9 o principal\u00a0 causador\u00a0 do c\u00e2ncer de colo de \u00fatero e atinge cerca de 40% da popula\u00e7\u00e3o, e o processo de vacina\u00e7\u00e3o s\u00e3o divididas em tr\u00eas doses num per\u00edodo de seis meses.<\/p>\n<table width=\"643\" border=\"0\" cellspacing=\"0\" cellpadding=\"0\">\n<tbody>\n<tr>\n<td colspan=\"3\" valign=\"top\" width=\"643\">\u00a0\u00a0\u00a0\u00a0\u00a0\u00a0\u00a0\u00a0\u00a0\u00a0\u00a0\u00a0\u00a0\u00a0\u00a0\u00a0 CRONOGRAMA DE VACINA\u00c7\u00c3O\u00a0 CONTRA O VIRUS HPV<\/td>\n<\/tr>\n<tr>\n<td valign=\"top\" width=\"76\">DATA<\/td>\n<td valign=\"top\" width=\"245\">ESCOLA<\/td>\n<td valign=\"top\" width=\"322\">POSTO DE SA\u00daDE RESPONS\u00c1VEL<\/td>\n<\/tr>\n<tr>\n<td valign=\"top\" width=\"76\">10\/03\/2014<\/td>\n<td valign=\"top\" width=\"245\">E.E.SANTOS DUMOMD (POLIVALENTE<\/td>\n<td valign=\"top\" width=\"322\">\u00a0CENTRO<\/td>\n<\/tr>\n<tr>\n<td valign=\"top\" width=\"76\">11\/03\/2014<\/td>\n<td valign=\"top\" width=\"245\">E.M. SANTA RITA<\/td>\n<td valign=\"top\" width=\"322\">ESPERAN\u00c7A<\/td>\n<\/tr>\n<tr>\n<td valign=\"top\" width=\"76\">12\/03\/2014<\/td>\n<td valign=\"top\" width=\"245\">E.E. BR\u00c1ULIO DE OLIVEIRA<\/td>\n<td valign=\"top\" width=\"322\">CRUZEIRO<\/td>\n<\/tr>\n<tr>\n<td valign=\"top\" width=\"76\">12\/03\/2014<\/td>\n<td valign=\"top\" width=\"245\">E.E. MERCEDES MOTTA<\/td>\n<td valign=\"top\" width=\"322\">PLANALTO<\/td>\n<\/tr>\n<tr>\n<td valign=\"top\" width=\"76\">13\/032014<\/td>\n<td valign=\"top\" width=\"245\">COL\u00c9GIO FRANCISCANO SANTA ROSA DE LIMA<\/td>\n<td valign=\"top\" width=\"322\">SULINA<\/td>\n<\/tr>\n<tr>\n<td valign=\"top\" width=\"76\">13\/03\/2014<\/td>\n<td valign=\"top\" width=\"245\">E.E. BR\u00c1ULIO DE OLIVEIRA<\/td>\n<td valign=\"top\" width=\"322\">CRUZEIRO<\/td>\n<\/tr>\n<tr>\n<td valign=\"top\" width=\"76\">13\/03\/2014<\/td>\n<td valign=\"top\" width=\"245\">E.M 15 DE NOVEMBRO<\/td>\n<td valign=\"top\" width=\"322\">SETE DE SETEMBRO<\/td>\n<\/tr>\n<\/tbody>\n<\/table>\n<p>&nbsp;<\/p>\n","protected":false},"excerpt":{"rendered":"<p>Iniciou nesta segunda-feira a\u00a0 Campanha\u00a0 Nacional contra o V\u00edrus do Papiloma Humano-HPV, e se estender\u00e1&#8230;<\/p>\n","protected":false},"author":11,"featured_media":897,"comment_status":"open","ping_status":"open","sticky":false,"template":"","format":"standard","meta":{"footnotes":""},"categories":[2],"tags":[],"_links":{"self":[{"href":"https:\/\/www.fumssar.com.br\/index.php?rest_route=\/wp\/v2\/posts\/893"}],"collection":[{"href":"https:\/\/www.fumssar.com.br\/index.php?rest_route=\/wp\/v2\/posts"}],"about":[{"href":"https:\/\/www.fumssar.com.br\/index.php?rest_route=\/wp\/v2\/types\/post"}],"author":[{"embeddable":true,"href":"https:\/\/www.fumssar.com.br\/index.php?rest_route=\/wp\/v2\/users\/11"}],"replies":[{"embeddable":true,"href":"https:\/\/www.fumssar.com.br\/index.php?rest_route=%2Fwp%2Fv2%2Fcomments&post=893"}],"version-history":[{"count":2,"href":"https:\/\/www.fumssar.com.br\/index.php?rest_route=\/wp\/v2\/posts\/893\/revisions"}],"predecessor-version":[{"id":901,"href":"https:\/\/www.fumssar.com.br\/index.php?rest_route=\/wp\/v2\/posts\/893\/revisions\/901"}],"wp:featuredmedia":[{"embeddable":true,"href":"https:\/\/www.fumssar.com.br\/index.php?rest_route=\/wp\/v2\/media\/897"}],"wp:attachment":[{"href":"https:\/\/www.fumssar.com.br\/index.php?rest_route=%2Fwp%2Fv2%2Fmedia&parent=893"}],"wp:term":[{"taxonomy":"category","embeddable":true,"href":"https:\/\/www.fumssar.com.br\/index.php?rest_route=%2Fwp%2Fv2%2Fcategories&post=893"},{"taxonomy":"post_tag","embeddable":true,"href":"https:\/\/www.fumssar.com.br\/index.php?rest_route=%2Fwp%2Fv2%2Ftags&post=893"}],"curies":[{"name":"wp","href":"https:\/\/api.w.org\/{rel}","templated":true}]}}