{"id":884,"date":"2014-03-07T20:20:13","date_gmt":"2014-03-07T20:20:13","guid":{"rendered":"http:\/\/www.fumssar.com.br\/?p=884"},"modified":"2024-10-07T16:36:21","modified_gmt":"2024-10-07T19:36:21","slug":"residencia-multiprofissional-em-saude-da-familia-teve-aula-inaugural","status":"publish","type":"post","link":"https:\/\/www.fumssar.com.br\/?p=884","title":{"rendered":"Resid\u00eancia multiprofissional em sa\u00fade da fam\u00edlia teve aula inaugural"},"content":{"rendered":"<p>O Programa de Resid\u00eancia Multiprofissional em Sa\u00fade da Fam\u00edlia que \u00e9 desenvolvido pela UNIJU\u00cd e Funda\u00e7\u00e3o Municipal da Sa\u00fade de Santa Rosa,turma de 2014 teve sua aula inaugural na noite de quinta-feira,06. A solenidade de implanta\u00e7\u00e3o foi realizada no audit\u00f3rio central da Universidade. Estiveram presentes no ato o Presidente em exerc\u00edcio da FUMSSAR,Aldair Melchior,o Pr\u00f3-reitor da UNIJU\u00cd\u00a0 Professor Dr. Ariosto Sparemberger, e do M\u00e9dico Professor da UNIJU\u00cd e no ato como Prefeito em exerc\u00edcio\u00a0 de Santa Rosa Dr. Lu\u00eds Ant\u00f4nio Bemvegn\u00fa,a Sr\u00aa Arlete Roman Coordenadora do Programa na UNIJU\u00cd Os M\u00e9dicos Cl\u00e1udio Souto e Dr\u00aa Fabiana Breitenbach\u00a0 ambos da Coordena\u00e7\u00e3o do programa pela FUMSSAR,e Elisiane\u00a0 Bisognin\u00a0 tamb\u00e9m da Coordena\u00e7\u00e3o.<\/p>\n<p>\u00a0\u00a0\u00a0\u00a0\u00a0\u00a0\u00a0\u00a0\u00a0\u00a0\u00a0 O objetivo do Programa de Resid\u00eancia \u00e9 formar profissionais das \u00e1reas de Enfermagem, Odontologia, Psicologia, Farm\u00e1cia, Nutri\u00e7\u00e3o, Servi\u00e7o Social e Educa\u00e7\u00e3o F\u00edsica para desenvolverem suas atividades\u00a0 profissionais na aten\u00e7\u00e3o b\u00e1sica\/sa\u00fade da fam\u00edlia\u00a0 orientados\u00a0 pelos princ\u00edpios e diretrizes do SUS e a partir das necessidades e realidades\u00a0 regionais. Os alunos tem a gratuidade no curso e ainda recebem uma\u00a0 bolsa de trabalho\u00a0 com verbas do Minist\u00e9rio da Sa\u00fade e exigida uma dedica\u00e7\u00e3o de 60 horas semanais \u00a0em atividades de forma\u00e7\u00e3o e de ensino em servi\u00e7os. Ap\u00f3s a Cerim\u00f4nia o Professor Dr. Lu\u00eds Ant\u00f4nio Benvegn\u00fa\u00a0 ministrou palestra aos estudantes abordando o tema: \u201cO Trabalho no Sistema de Sa\u00fade Hoje\u201d.<\/p>\n","protected":false},"excerpt":{"rendered":"<p>O Programa de Resid\u00eancia Multiprofissional em Sa\u00fade da Fam\u00edlia que \u00e9 desenvolvido pela UNIJU\u00cd e&#8230;<\/p>\n","protected":false},"author":11,"featured_media":885,"comment_status":"open","ping_status":"open","sticky":false,"template":"","format":"standard","meta":{"footnotes":""},"categories":[2],"tags":[],"_links":{"self":[{"href":"https:\/\/www.fumssar.com.br\/index.php?rest_route=\/wp\/v2\/posts\/884"}],"collection":[{"href":"https:\/\/www.fumssar.com.br\/index.php?rest_route=\/wp\/v2\/posts"}],"about":[{"href":"https:\/\/www.fumssar.com.br\/index.php?rest_route=\/wp\/v2\/types\/post"}],"author":[{"embeddable":true,"href":"https:\/\/www.fumssar.com.br\/index.php?rest_route=\/wp\/v2\/users\/11"}],"replies":[{"embeddable":true,"href":"https:\/\/www.fumssar.com.br\/index.php?rest_route=%2Fwp%2Fv2%2Fcomments&post=884"}],"version-history":[{"count":1,"href":"https:\/\/www.fumssar.com.br\/index.php?rest_route=\/wp\/v2\/posts\/884\/revisions"}],"predecessor-version":[{"id":886,"href":"https:\/\/www.fumssar.com.br\/index.php?rest_route=\/wp\/v2\/posts\/884\/revisions\/886"}],"wp:featuredmedia":[{"embeddable":true,"href":"https:\/\/www.fumssar.com.br\/index.php?rest_route=\/wp\/v2\/media\/885"}],"wp:attachment":[{"href":"https:\/\/www.fumssar.com.br\/index.php?rest_route=%2Fwp%2Fv2%2Fmedia&parent=884"}],"wp:term":[{"taxonomy":"category","embeddable":true,"href":"https:\/\/www.fumssar.com.br\/index.php?rest_route=%2Fwp%2Fv2%2Fcategories&post=884"},{"taxonomy":"post_tag","embeddable":true,"href":"https:\/\/www.fumssar.com.br\/index.php?rest_route=%2Fwp%2Fv2%2Ftags&post=884"}],"curies":[{"name":"wp","href":"https:\/\/api.w.org\/{rel}","templated":true}]}}