{"id":8825,"date":"2016-10-14T16:58:38","date_gmt":"2016-10-14T19:58:38","guid":{"rendered":"http:\/\/www.fumssar.com.br\/?p=8825"},"modified":"2024-10-07T16:35:30","modified_gmt":"2024-10-07T19:35:30","slug":"comunicado-de-cumprimento-de-termo-de-ajustamento-de-conduta","status":"publish","type":"post","link":"https:\/\/www.fumssar.com.br\/?p=8825","title":{"rendered":"Comunicado  de cumprimento de Termo de Ajustamento de Conduta"},"content":{"rendered":"<div>\n<p>\u00a0\u00a0\u00a0\u00a0\u00a0\u00a0\u00a0\u00a0\u00a0\u00a0\u00a0\u00a0\u00a0\u00a0\u00a0\u00a0\u00a0\u00a0\u00a0\u00a0\u00a0\u00a0\u00a0\u00a0\u00a0\u00a0\u00a0\u00a0\u00a0\u00a0\u00a0\u00a0\u00a0\u00a0\u00a0\u00a0\u00a0 Cumprimento de Termo de Ajustamento de Conduta<\/p>\n<\/div>\n<p>\u00a0\u00a0<\/p>\n<p>\u00a0\u00a0\u00a0\u00a0\u00a0\u00a0\u00a0\u00a0\u00a0\u00a0\u00a0\u00a0\u00a0\u00a0\u00a0 Em 29\/09\/2016, o munic\u00edpio de Santa Rosa, firmou com o Minist\u00e9rio P\u00fablico Federal-MPF, um Termo de Ajustamento de Conduta\u00a0 -TAC, onde foi solicitado a instala\u00e7\u00e3o de rel\u00f3gios para o registro de pontos em todas as unidades\u00a0 de sa\u00fade da Funda\u00e7\u00e3o\u00a0 Municipal de Sa\u00fade- FUMSSAR. Tal medida\u00a0 tem\u00a0 como objetivo um controle mais efetivo do hor\u00e1rio de trabalho dos servidores de sa\u00fade do munic\u00edpio.<\/p>\n<p>\u00a0\u00a0\u00a0\u00a0\u00a0\u00a0\u00a0\u00a0\u00a0\u00a0\u00a0\u00a0\u00a0\u00a0\u00a0 No mesmo TAC tamb\u00e9m consta\u00a0 que seja afixado em locais vis\u00edveis(salas de recep\u00e7\u00e3o, murais\u00a0\u00a0 etc&#8230;),a rela\u00e7\u00e3o\u00a0 de todos os\u00a0 profissionais\u00a0 com os respectivos hor\u00e1rios, possibilitando desta forma a visibilidade e conhecimento por\u00a0 parte da popula\u00e7\u00e3o.<\/p>\n<p>\u00a0\u00a0\u00a0\u00a0\u00a0\u00a0\u00a0\u00a0\u00a0\u00a0\u00a0\u00a0\u00a0\u00a0\u00a0 A FUMSSAR esclarece que todas as medidas constantes no TAC est\u00e3o sendo providenciadas.<\/p>\n<p>\u00a0\u00a0\u00a0\u00a0\u00a0\u00a0\u00a0\u00a0\u00a0\u00a0\u00a0\u00a0\u00a0\u00a0\u00a0\u00a0\u00a0\u00a0\u00a0\u00a0\u00a0\u00a0\u00a0\u00a0\u00a0\u00a0\u00a0\u00a0\u00a0\u00a0\u00a0\u00a0\u00a0\u00a0\u00a0\u00a0\u00a0\u00a0\u00a0\u00a0\u00a0\u00a0\u00a0\u00a0\u00a0\u00a0\u00a0\u00a0\u00a0 Santa Rosa,14 de outubro de 2016.<\/p>\n<p>Clique abaixo para ver na \u00edntegra o termo<\/p>\n<p><a href=\"http:\/\/www.fumssar.com.br\/wp-content\/uploads\/2016\/10\/Termo-de-ajustamento-de-conduta.pdf\">Termo de ajustamento de conduta<\/a><\/p>\n<p>&nbsp;<\/p>\n<p>&nbsp;<\/p>\n","protected":false},"excerpt":{"rendered":"<p>\u00a0\u00a0\u00a0\u00a0\u00a0\u00a0\u00a0\u00a0\u00a0\u00a0\u00a0\u00a0\u00a0\u00a0\u00a0\u00a0\u00a0\u00a0\u00a0\u00a0\u00a0\u00a0\u00a0\u00a0\u00a0\u00a0\u00a0\u00a0\u00a0\u00a0\u00a0\u00a0\u00a0\u00a0\u00a0\u00a0\u00a0 Cumprimento de Termo de Ajustamento de Conduta \u00a0\u00a0 \u00a0\u00a0\u00a0\u00a0\u00a0\u00a0\u00a0\u00a0\u00a0\u00a0\u00a0\u00a0\u00a0\u00a0\u00a0 Em 29\/09\/2016, o munic\u00edpio de&#8230;<\/p>\n","protected":false},"author":11,"featured_media":0,"comment_status":"open","ping_status":"open","sticky":false,"template":"","format":"standard","meta":{"footnotes":""},"categories":[2,1],"tags":[],"_links":{"self":[{"href":"https:\/\/www.fumssar.com.br\/index.php?rest_route=\/wp\/v2\/posts\/8825"}],"collection":[{"href":"https:\/\/www.fumssar.com.br\/index.php?rest_route=\/wp\/v2\/posts"}],"about":[{"href":"https:\/\/www.fumssar.com.br\/index.php?rest_route=\/wp\/v2\/types\/post"}],"author":[{"embeddable":true,"href":"https:\/\/www.fumssar.com.br\/index.php?rest_route=\/wp\/v2\/users\/11"}],"replies":[{"embeddable":true,"href":"https:\/\/www.fumssar.com.br\/index.php?rest_route=%2Fwp%2Fv2%2Fcomments&post=8825"}],"version-history":[{"count":1,"href":"https:\/\/www.fumssar.com.br\/index.php?rest_route=\/wp\/v2\/posts\/8825\/revisions"}],"predecessor-version":[{"id":8828,"href":"https:\/\/www.fumssar.com.br\/index.php?rest_route=\/wp\/v2\/posts\/8825\/revisions\/8828"}],"wp:attachment":[{"href":"https:\/\/www.fumssar.com.br\/index.php?rest_route=%2Fwp%2Fv2%2Fmedia&parent=8825"}],"wp:term":[{"taxonomy":"category","embeddable":true,"href":"https:\/\/www.fumssar.com.br\/index.php?rest_route=%2Fwp%2Fv2%2Fcategories&post=8825"},{"taxonomy":"post_tag","embeddable":true,"href":"https:\/\/www.fumssar.com.br\/index.php?rest_route=%2Fwp%2Fv2%2Ftags&post=8825"}],"curies":[{"name":"wp","href":"https:\/\/api.w.org\/{rel}","templated":true}]}}