{"id":858,"date":"2014-03-06T19:30:51","date_gmt":"2014-03-06T19:30:51","guid":{"rendered":"http:\/\/www.fumssar.com.br\/?p=858"},"modified":"2024-10-07T16:36:21","modified_gmt":"2024-10-07T19:36:21","slug":"obras-das-academias-abertas-foram-vistoriadas","status":"publish","type":"post","link":"https:\/\/www.fumssar.com.br\/?p=858","title":{"rendered":"Obras das academias abertas foram Vistoriadas"},"content":{"rendered":"<p>O Presidente em exerc\u00edcio da Funda\u00e7\u00e3o Municipal da Sa\u00fade, Aldair Melchior, visitou na manh\u00e3 desta quinta-feira, 06 as obras das academias abertas que est\u00e3o sendo constru\u00eddas em seis bairros da cidade. A visita contou ainda com a presen\u00e7a dos respons\u00e1veis pelas obras e por t\u00e9cnicos da prefeitura que avaliaram os andamentos das constru\u00e7\u00f5es. Das obras em andamento a da Vila Jardim Petr\u00f3polis tem previs\u00e3o de ser inaugurada na segunda quinzena deste m\u00eas e posteriormente as das Vilas Esperan\u00e7a e Timba\u00fava restando \u00e0 conclus\u00e3o das Academias das Vilas Gl\u00f3ria, Cruzeiro do Sul e do Bairro Central.\u00a0 \u201cAldair Melchior destacou que as comunidades onde as academias est\u00e3o sendo implantadas poder\u00e3o em breve desfrutar dos espa\u00e7os para realizarem atividades f\u00edsicas bem como de lazer.\u201d Queremos em breve estarmos entregando as primeiras academias e em breve estaremos disponibilizando todas para a comunidade.\u201d, ressaltou o Presidente em Exerc\u00edcio da FUMSSAR.<\/p>\n","protected":false},"excerpt":{"rendered":"<p>O Presidente em exerc\u00edcio da Funda\u00e7\u00e3o Municipal da Sa\u00fade, Aldair Melchior, visitou na manh\u00e3 desta&#8230;<\/p>\n","protected":false},"author":11,"featured_media":863,"comment_status":"open","ping_status":"open","sticky":false,"template":"","format":"standard","meta":{"footnotes":""},"categories":[2],"tags":[],"_links":{"self":[{"href":"https:\/\/www.fumssar.com.br\/index.php?rest_route=\/wp\/v2\/posts\/858"}],"collection":[{"href":"https:\/\/www.fumssar.com.br\/index.php?rest_route=\/wp\/v2\/posts"}],"about":[{"href":"https:\/\/www.fumssar.com.br\/index.php?rest_route=\/wp\/v2\/types\/post"}],"author":[{"embeddable":true,"href":"https:\/\/www.fumssar.com.br\/index.php?rest_route=\/wp\/v2\/users\/11"}],"replies":[{"embeddable":true,"href":"https:\/\/www.fumssar.com.br\/index.php?rest_route=%2Fwp%2Fv2%2Fcomments&post=858"}],"version-history":[{"count":2,"href":"https:\/\/www.fumssar.com.br\/index.php?rest_route=\/wp\/v2\/posts\/858\/revisions"}],"predecessor-version":[{"id":864,"href":"https:\/\/www.fumssar.com.br\/index.php?rest_route=\/wp\/v2\/posts\/858\/revisions\/864"}],"wp:featuredmedia":[{"embeddable":true,"href":"https:\/\/www.fumssar.com.br\/index.php?rest_route=\/wp\/v2\/media\/863"}],"wp:attachment":[{"href":"https:\/\/www.fumssar.com.br\/index.php?rest_route=%2Fwp%2Fv2%2Fmedia&parent=858"}],"wp:term":[{"taxonomy":"category","embeddable":true,"href":"https:\/\/www.fumssar.com.br\/index.php?rest_route=%2Fwp%2Fv2%2Fcategories&post=858"},{"taxonomy":"post_tag","embeddable":true,"href":"https:\/\/www.fumssar.com.br\/index.php?rest_route=%2Fwp%2Fv2%2Ftags&post=858"}],"curies":[{"name":"wp","href":"https:\/\/api.w.org\/{rel}","templated":true}]}}