{"id":853,"date":"2014-03-05T18:51:45","date_gmt":"2014-03-05T18:51:45","guid":{"rendered":"http:\/\/www.fumssar.com.br\/?p=853"},"modified":"2024-10-07T16:36:22","modified_gmt":"2024-10-07T19:36:22","slug":"fundacao-repassou-veiculo-para-o-lar-do-idoso","status":"publish","type":"post","link":"https:\/\/www.fumssar.com.br\/?p=853","title":{"rendered":"Funda\u00e7\u00e3o repassou ve\u00edculo para o lar do Idoso"},"content":{"rendered":"<p>A entrega ocorreu na manh\u00e3\u00a0 desta quarta-feira,05, onde um \u00a0ve\u00edculo foi repassado atrav\u00e9s de um termo de uso assinado entre a Funda\u00e7\u00e3o da Sa\u00fade e a institui\u00e7\u00e3o que atende aos idosos. Adquirido atrav\u00e9s de uma emenda parlamentar do Deputado Assis de Melo o ve\u00edculo\u00a0 servir\u00e1 ao Lar do Idoso para as tarefas di\u00e1ria da institui\u00e7\u00e3o.Acompanharam\u00a0 o repasse o Deputado, Assis Melo,o Presidente em Exerc\u00edcio da FUMSSAR- Aldair Melchior,a Presidente do Lar dos Idosos Maria Foliatti,o Presidente do Conselho Municipal do Idoso Olm\u00e9dio Bamberg,Vereadores e outras lideran\u00e7as da comunidade.<\/p>\n","protected":false},"excerpt":{"rendered":"<p>A entrega ocorreu na manh\u00e3\u00a0 desta quarta-feira,05, onde um \u00a0ve\u00edculo foi repassado atrav\u00e9s de um&#8230;<\/p>\n","protected":false},"author":11,"featured_media":855,"comment_status":"open","ping_status":"open","sticky":false,"template":"","format":"standard","meta":{"footnotes":""},"categories":[2],"tags":[],"_links":{"self":[{"href":"https:\/\/www.fumssar.com.br\/index.php?rest_route=\/wp\/v2\/posts\/853"}],"collection":[{"href":"https:\/\/www.fumssar.com.br\/index.php?rest_route=\/wp\/v2\/posts"}],"about":[{"href":"https:\/\/www.fumssar.com.br\/index.php?rest_route=\/wp\/v2\/types\/post"}],"author":[{"embeddable":true,"href":"https:\/\/www.fumssar.com.br\/index.php?rest_route=\/wp\/v2\/users\/11"}],"replies":[{"embeddable":true,"href":"https:\/\/www.fumssar.com.br\/index.php?rest_route=%2Fwp%2Fv2%2Fcomments&post=853"}],"version-history":[{"count":1,"href":"https:\/\/www.fumssar.com.br\/index.php?rest_route=\/wp\/v2\/posts\/853\/revisions"}],"predecessor-version":[{"id":854,"href":"https:\/\/www.fumssar.com.br\/index.php?rest_route=\/wp\/v2\/posts\/853\/revisions\/854"}],"wp:featuredmedia":[{"embeddable":true,"href":"https:\/\/www.fumssar.com.br\/index.php?rest_route=\/wp\/v2\/media\/855"}],"wp:attachment":[{"href":"https:\/\/www.fumssar.com.br\/index.php?rest_route=%2Fwp%2Fv2%2Fmedia&parent=853"}],"wp:term":[{"taxonomy":"category","embeddable":true,"href":"https:\/\/www.fumssar.com.br\/index.php?rest_route=%2Fwp%2Fv2%2Fcategories&post=853"},{"taxonomy":"post_tag","embeddable":true,"href":"https:\/\/www.fumssar.com.br\/index.php?rest_route=%2Fwp%2Fv2%2Ftags&post=853"}],"curies":[{"name":"wp","href":"https:\/\/api.w.org\/{rel}","templated":true}]}}