{"id":8383,"date":"2016-07-28T16:19:40","date_gmt":"2016-07-28T19:19:40","guid":{"rendered":"http:\/\/www.fumssar.com.br\/?p=8383"},"modified":"2024-10-07T16:35:30","modified_gmt":"2024-10-07T19:35:30","slug":"motoristas-da-fumssar-foram-homenageados","status":"publish","type":"post","link":"https:\/\/www.fumssar.com.br\/?p=8383","title":{"rendered":"Motoristas da FUMSSAR foram homenageados"},"content":{"rendered":"<p>Neste dia 25 de julho, \u201cDia do Colono e Motorista\u201d, os profissionais do volante da Funda\u00e7\u00e3o Municipal de Sa\u00fade-FUMSSAR foram homenageados. O Governo Municipal prestou reconhecimento atrav\u00e9s da FUMSSAR para a categoria em reconhecimento aos relevantes servi\u00e7os que eles prestam \u00e0 popula\u00e7\u00e3o usu\u00e1ria do Sistema\u00a0\u00a0\u00a0\u00a0\u00a0\u00a0\u00a0\u00a0\u00a0\u00a0\u00a0 \u00danico\u00a0\u00a0\u00a0\u00a0\u00a0\u00a0\u00a0\u00a0\u00a0\u00a0\u00a0 de\u00a0\u00a0\u00a0\u00a0\u00a0\u00a0\u00a0 Sa\u00fade-SUS.<br \/>\n\u00a0\u00a0\u00a0\u00a0\u00a0\u00a0\u00a0\u00a0\u00a0\u00a0\u00a0 Diariamente estes profissionais transportam dezenas de pacientes para diversas regi\u00f5es do estado e tamb\u00e9m dentro do munic\u00edpio que necessitam de tratamentos em diversas especialidades. Em m\u00e9dia s\u00e3o atendidas cerca de 800 pessoas pelo setor de transportes que conta com 17 motoristas e uma frota de 33 ve\u00edculos.<br \/>\nDurante o evento que foi realizado no estacionamento dos ve\u00edculos o Presidente da FUMSSAR,D\u00e9lcio Stefan destacou os investimentos realizados pela atual gest\u00e3o visando qualificar ainda mais os servi\u00e7os prestados. O presidente disse que a frota foi renovada oferecendo mais seguran\u00e7a e conforto para os usu\u00e1rios e profissionais. Stefan lembrou ainda que um novo espa\u00e7o para o setor foi criado para acomoda\u00e7\u00e3o dos ve\u00edculos e uma sala nova foi constru\u00edda para os motoristas que na semana passada recebeu equipamento de inform\u00e1tica e um televisor. \u201cNa medida do poss\u00edvel procuramos atender os pleitos apresentados por esta valiosa categoria, e hoje temos a certeza que muitas das reivindica\u00e7\u00f5es deles foram atendidas\u201d ressaltou Stefan.<br \/>\n\u00a0\u00a0\u00a0\u00a0\u00a0\u00a0\u00a0\u00a0\u00a0\u00a0\u00a0\u00a0\u00a0\u00a0 No ato foi entregue o trof\u00e9u \u201c20 Anos da FUMSSAR\u201d \u00e0 categoria e tamb\u00e9m ao servidor motorista mais antigo Jo\u00e3o Batista Motta que ingressou nos quadros da Funda\u00e7\u00e3o no ano de 1996. Logo ap\u00f3s um caf\u00e9 da manh\u00e3 foi servido. Diretores, gerentes e encarregados de setores confraternizaram o evento.<\/p>\n<p>&nbsp;<\/p>\n","protected":false},"excerpt":{"rendered":"<p>Neste dia 25 de julho, \u201cDia do Colono e Motorista\u201d, os profissionais do volante da&#8230;<\/p>\n","protected":false},"author":11,"featured_media":8384,"comment_status":"open","ping_status":"open","sticky":false,"template":"","format":"standard","meta":{"footnotes":""},"categories":[2],"tags":[],"_links":{"self":[{"href":"https:\/\/www.fumssar.com.br\/index.php?rest_route=\/wp\/v2\/posts\/8383"}],"collection":[{"href":"https:\/\/www.fumssar.com.br\/index.php?rest_route=\/wp\/v2\/posts"}],"about":[{"href":"https:\/\/www.fumssar.com.br\/index.php?rest_route=\/wp\/v2\/types\/post"}],"author":[{"embeddable":true,"href":"https:\/\/www.fumssar.com.br\/index.php?rest_route=\/wp\/v2\/users\/11"}],"replies":[{"embeddable":true,"href":"https:\/\/www.fumssar.com.br\/index.php?rest_route=%2Fwp%2Fv2%2Fcomments&post=8383"}],"version-history":[{"count":1,"href":"https:\/\/www.fumssar.com.br\/index.php?rest_route=\/wp\/v2\/posts\/8383\/revisions"}],"predecessor-version":[{"id":8385,"href":"https:\/\/www.fumssar.com.br\/index.php?rest_route=\/wp\/v2\/posts\/8383\/revisions\/8385"}],"wp:featuredmedia":[{"embeddable":true,"href":"https:\/\/www.fumssar.com.br\/index.php?rest_route=\/wp\/v2\/media\/8384"}],"wp:attachment":[{"href":"https:\/\/www.fumssar.com.br\/index.php?rest_route=%2Fwp%2Fv2%2Fmedia&parent=8383"}],"wp:term":[{"taxonomy":"category","embeddable":true,"href":"https:\/\/www.fumssar.com.br\/index.php?rest_route=%2Fwp%2Fv2%2Fcategories&post=8383"},{"taxonomy":"post_tag","embeddable":true,"href":"https:\/\/www.fumssar.com.br\/index.php?rest_route=%2Fwp%2Fv2%2Ftags&post=8383"}],"curies":[{"name":"wp","href":"https:\/\/api.w.org\/{rel}","templated":true}]}}