{"id":8380,"date":"2016-07-28T16:18:13","date_gmt":"2016-07-28T19:18:13","guid":{"rendered":"http:\/\/www.fumssar.com.br\/?p=8380"},"modified":"2024-10-07T16:35:30","modified_gmt":"2024-10-07T19:35:30","slug":"cerest-prestou-servicos-na-praca-em-evento-comemorativo-ao-dia-municipal-da-paz","status":"publish","type":"post","link":"https:\/\/www.fumssar.com.br\/?p=8380","title":{"rendered":"CEREST prestou servi\u00e7os na pra\u00e7a em evento comemorativo ao Dia Municipal da Paz"},"content":{"rendered":"<p>\u00a0\u00a0\u00a0\u00a0\u00a0\u00a0\u00a0\u00a0\u00a0\u00a0\u00a0\u00a0\u00a0 O Governo Municipal de Santa Rosa realizou evento comemorativo ao \u201cDia Municipal da Paz\u201d, na manh\u00e3 de segunda \u2013feira, 25. O Centro Regional Especializado em Sa\u00fade do Trabalhador-CEREST Fronteira Noroeste esteve presente levando informa\u00e7\u00f5es aos presentes , em alus\u00e3o ao \u201cDia Nacional de Preven\u00e7\u00e3o de Acidente de Trabalho\u201d que \u00e9 comemorado no dia 27\/07, onde o enfoque foi a preven\u00e7\u00e3o de acidentes no mundo do trabalho, conforme destacou a gerente do Centro Fernanda Walker.<br \/>\nA dire\u00e7\u00e3o da FUMSSAR prestigiou o vento e o presidente D\u00e9lcio Stefan fez um destaque sobre a import\u00e2ncia do trabalho realizado pela equipe aos trabalhadores de toda a grande regi\u00e3o.<\/p>\n","protected":false},"excerpt":{"rendered":"<p>\u00a0\u00a0\u00a0\u00a0\u00a0\u00a0\u00a0\u00a0\u00a0\u00a0\u00a0\u00a0\u00a0 O Governo Municipal de Santa Rosa realizou evento comemorativo ao \u201cDia Municipal da Paz\u201d,&#8230;<\/p>\n","protected":false},"author":11,"featured_media":8381,"comment_status":"open","ping_status":"open","sticky":false,"template":"","format":"standard","meta":{"footnotes":""},"categories":[2],"tags":[],"_links":{"self":[{"href":"https:\/\/www.fumssar.com.br\/index.php?rest_route=\/wp\/v2\/posts\/8380"}],"collection":[{"href":"https:\/\/www.fumssar.com.br\/index.php?rest_route=\/wp\/v2\/posts"}],"about":[{"href":"https:\/\/www.fumssar.com.br\/index.php?rest_route=\/wp\/v2\/types\/post"}],"author":[{"embeddable":true,"href":"https:\/\/www.fumssar.com.br\/index.php?rest_route=\/wp\/v2\/users\/11"}],"replies":[{"embeddable":true,"href":"https:\/\/www.fumssar.com.br\/index.php?rest_route=%2Fwp%2Fv2%2Fcomments&post=8380"}],"version-history":[{"count":1,"href":"https:\/\/www.fumssar.com.br\/index.php?rest_route=\/wp\/v2\/posts\/8380\/revisions"}],"predecessor-version":[{"id":8382,"href":"https:\/\/www.fumssar.com.br\/index.php?rest_route=\/wp\/v2\/posts\/8380\/revisions\/8382"}],"wp:featuredmedia":[{"embeddable":true,"href":"https:\/\/www.fumssar.com.br\/index.php?rest_route=\/wp\/v2\/media\/8381"}],"wp:attachment":[{"href":"https:\/\/www.fumssar.com.br\/index.php?rest_route=%2Fwp%2Fv2%2Fmedia&parent=8380"}],"wp:term":[{"taxonomy":"category","embeddable":true,"href":"https:\/\/www.fumssar.com.br\/index.php?rest_route=%2Fwp%2Fv2%2Fcategories&post=8380"},{"taxonomy":"post_tag","embeddable":true,"href":"https:\/\/www.fumssar.com.br\/index.php?rest_route=%2Fwp%2Fv2%2Ftags&post=8380"}],"curies":[{"name":"wp","href":"https:\/\/api.w.org\/{rel}","templated":true}]}}