{"id":8374,"date":"2016-07-28T16:15:40","date_gmt":"2016-07-28T19:15:40","guid":{"rendered":"http:\/\/www.fumssar.com.br\/?p=8374"},"modified":"2024-10-07T16:35:30","modified_gmt":"2024-10-07T19:35:30","slug":"secretarios-de-saude-da-regiao-discutiram-a-utilizacao-de-emendas-em-servicos-especializados","status":"publish","type":"post","link":"https:\/\/www.fumssar.com.br\/?p=8374","title":{"rendered":"Secret\u00e1rios de Sa\u00fade da regi\u00e3o discutiram a utiliza\u00e7\u00e3o de emendas em servi\u00e7os especializados"},"content":{"rendered":"<p>A utiliza\u00e7\u00e3o de emendas impositivas de parlamentares em servi\u00e7os especializados na \u00e1rea da sa\u00fade, j\u00e1 vem sido discutida pelos munic\u00edpios participantes do Cons\u00f3rcio Fronteira Noroeste-COFRON em encontros anteriores.<br \/>\n\u00a0\u00a0\u00a0\u00a0\u00a0\u00a0\u00a0\u00a0\u00a0\u00a0 A ideia vem sido constru\u00edda objetivando ofertar mais servi\u00e7os para pacientes do Sistema \u00danico de Sa\u00fade-SUS que aguardam atendimentos em diversas especialidades m\u00e9dicas. Na tarde de ter\u00e7a-feira (26), a presid\u00eancia do COFRON e a FUMSSAR reuniram os secret\u00e1rios de sa\u00fade da regi\u00e3o para discutirem a a\u00e7\u00e3o prevendo a sua implementa\u00e7\u00e3o.<br \/>\n\u00a0\u00a0\u00a0\u00a0\u00a0\u00a0\u00a0\u00a0\u00a0\u00a0\u00a0 A prefeita Vanice Matos do munic\u00edpio de Porto Vera Cruz, presidente do COFRON na parte dos prefeitos, Admar Kuyen, secret\u00e1rio de Sa\u00fade do Munic\u00edpio de Senador Salgado Filho que preside a ala dos secret\u00e1rios e D\u00e9lcio Stefan presidente da Funda\u00e7\u00e3o Municipal de Sa\u00fade de Santa Rosa-FUMSSAR, explicaram aos participantes o funcionamento da capta\u00e7\u00e3o dos recursos federais provenientes de emendas dos diversos parlamentares com representa\u00e7\u00e3o na regi\u00e3o, ou com alguma identifica\u00e7\u00e3o com lideran\u00e7as\u00a0\u00a0\u00a0\u00a0\u00a0\u00a0\u00a0 regionais.<br \/>\n\u00a0\u00a0\u00a0\u00a0\u00a0\u00a0\u00a0\u00a0\u00a0\u00a0\u00a0\u00a0 A presidente Vanice explicou que os munic\u00edpios tem dificuldade em ofertar com recursos pr\u00f3prios os servi\u00e7os que s\u00e3o buscados pelos mun\u00edcipes, e a utiliza\u00e7\u00e3o de emendas poder\u00e1 ofertar e reduzir as diversas filas de espera em algumas especialidades, para isto segundo ela um amplo planejamento dever\u00e1 ser realizado com os munic\u00edpios. \u201cDevemos nos organizar planejando as a\u00e7\u00f5es e levarmos nossas propostas aos parlamentares\u201d\u00a0\u00a0\u00a0\u00a0\u00a0\u00a0\u00a0\u00a0\u00a0\u00a0\u00a0 destacou\u00a0\u00a0\u00a0\u00a0\u00a0\u00a0\u00a0\u00a0 a\u00a0\u00a0\u00a0\u00a0\u00a0\u00a0\u00a0\u00a0\u00a0 prefeita.<br \/>\n\u00a0\u00a0\u00a0\u00a0\u00a0\u00a0\u00a0\u00a0\u00a0\u00a0\u00a0\u00a0\u00a0\u00a0 D\u00e9lcio Stefan disse que no momento em que a regi\u00e3o se organizar ser\u00e1 uma forma criativa na capta\u00e7\u00e3o de recursos que ser\u00e3o bem utilizados em prol da sa\u00fade dos usu\u00e1rios. O presidente da FUMSSAR ressaltou ainda que muitas vezes as emendas s\u00e3o trazidas para a\u00e7\u00f5es que n\u00e3o s\u00e3o de primeira necessidade e a inten\u00e7\u00e3o \u00e9 de que esta organiza\u00e7\u00e3o trar\u00e1 mais tranquilidade para muitas fam\u00edlias.<br \/>\n\u00a0\u00a0\u00a0\u00a0\u00a0\u00a0\u00a0\u00a0\u00a0\u00a0 \u00a0\u00a0\u00a0\u00a0No encontro ficou definido que as emendas ser\u00e3o utilizadas em consultas, diagn\u00f3sticas e se necess\u00e1rio \u00e0 realiza\u00e7\u00e3o de cirurgias nas \u00e1reas de traumatologia, ginecologia, vascular, oftalmologia e otorrinolaringologia. Tamb\u00e9m ficou acordado que cada munic\u00edpio realize um levantamento de suas demandas, para serem apresentadas num pr\u00f3ximo encontro com prestadores de servi\u00e7os da regi\u00e3o.<\/p>\n<p>&nbsp;<\/p>\n","protected":false},"excerpt":{"rendered":"<p>A utiliza\u00e7\u00e3o de emendas impositivas de parlamentares em servi\u00e7os especializados na \u00e1rea da sa\u00fade, j\u00e1&#8230;<\/p>\n","protected":false},"author":11,"featured_media":8375,"comment_status":"open","ping_status":"open","sticky":false,"template":"","format":"standard","meta":{"footnotes":""},"categories":[2],"tags":[],"_links":{"self":[{"href":"https:\/\/www.fumssar.com.br\/index.php?rest_route=\/wp\/v2\/posts\/8374"}],"collection":[{"href":"https:\/\/www.fumssar.com.br\/index.php?rest_route=\/wp\/v2\/posts"}],"about":[{"href":"https:\/\/www.fumssar.com.br\/index.php?rest_route=\/wp\/v2\/types\/post"}],"author":[{"embeddable":true,"href":"https:\/\/www.fumssar.com.br\/index.php?rest_route=\/wp\/v2\/users\/11"}],"replies":[{"embeddable":true,"href":"https:\/\/www.fumssar.com.br\/index.php?rest_route=%2Fwp%2Fv2%2Fcomments&post=8374"}],"version-history":[{"count":1,"href":"https:\/\/www.fumssar.com.br\/index.php?rest_route=\/wp\/v2\/posts\/8374\/revisions"}],"predecessor-version":[{"id":8377,"href":"https:\/\/www.fumssar.com.br\/index.php?rest_route=\/wp\/v2\/posts\/8374\/revisions\/8377"}],"wp:featuredmedia":[{"embeddable":true,"href":"https:\/\/www.fumssar.com.br\/index.php?rest_route=\/wp\/v2\/media\/8375"}],"wp:attachment":[{"href":"https:\/\/www.fumssar.com.br\/index.php?rest_route=%2Fwp%2Fv2%2Fmedia&parent=8374"}],"wp:term":[{"taxonomy":"category","embeddable":true,"href":"https:\/\/www.fumssar.com.br\/index.php?rest_route=%2Fwp%2Fv2%2Fcategories&post=8374"},{"taxonomy":"post_tag","embeddable":true,"href":"https:\/\/www.fumssar.com.br\/index.php?rest_route=%2Fwp%2Fv2%2Ftags&post=8374"}],"curies":[{"name":"wp","href":"https:\/\/api.w.org\/{rel}","templated":true}]}}