{"id":837,"date":"2014-02-28T18:29:30","date_gmt":"2014-02-28T18:29:30","guid":{"rendered":"http:\/\/www.fumssar.com.br\/?p=837"},"modified":"2014-02-28T18:29:30","modified_gmt":"2014-02-28T18:29:30","slug":"edital-de-convocacao-no-092014-concurso-publico-no-012010","status":"publish","type":"post","link":"https:\/\/www.fumssar.com.br\/?p=837","title":{"rendered":"EDITAL DE CONVOCA\u00c7\u00c3O N\u00ba 09\/2014-Concurso P\u00fablico n\u00ba 01\/2010"},"content":{"rendered":"<p><b>\u00a0<\/b><\/p>\n<p style=\"text-align: center\"><b>EDITAL DE CONVOCA\u00c7\u00c3O N\u00ba 09\/2014<br \/>\n<\/b><\/p>\n<p><b>\u00a0<\/b><\/p>\n<p><b>O Presidente da Funda\u00e7\u00e3o Municipal de Sa\u00fade de Santa Rosa, <\/b>no uso de suas atribui\u00e7\u00f5es legais<b> comunica<\/b> que dever\u00e1 (\u00e3o) comparecer na Funda\u00e7\u00e3o Municipal da Sa\u00fade, sito \u00e0 Rua Boa Vista, n\u00ba 401, para assumir vaga (s) para provimento (s) de cargo(s), conforme segue abaixo. Informa ainda que se o (os) candidato(s) <b>n\u00e3o se<\/b> <b>apresentar (em) no prazo m\u00e1ximo de 15 (quinze) dias ap\u00f3s esta publica\u00e7\u00e3o, ser\u00e1 (\u00e3o) considerado (s) desistente (s) tacitamente.<br \/>\n<\/b><\/p>\n<p>&nbsp;<\/p>\n<p><b>Concurso P\u00fablico n\u00ba 01\/2010<\/b><\/p>\n<p>Agente Administrativo<\/p>\n<p>NATANA CHITOLINA<\/p>\n<p>Auxiliar de Gest\u00e3o<\/p>\n<p>KENIA KRANN WEISS DURIGON<\/p>\n<p>&nbsp;<\/p>\n<p>PRESIDENTE DA FUNDA\u00c7\u00c3O MUNICIPAL DE SA\u00daDE DE SANTA ROSA, 28 DE FEVEREIRO DE 2014.<\/p>\n<p>ALDAIR MELCHIOR<\/p>\n<p>Presidente da FUMSSAR, Substituto<\/p>\n<p>ALEXSANDRO MAIQUEL JOHANN<\/p>\n<p>Diretor de Gest\u00e3o Administrativa, Substituto<\/p>\n","protected":false},"excerpt":{"rendered":"<p>\u00a0 EDITAL DE CONVOCA\u00c7\u00c3O N\u00ba 09\/2014 \u00a0 O Presidente da Funda\u00e7\u00e3o Municipal de Sa\u00fade de&#8230;<\/p>\n","protected":false},"author":6,"featured_media":0,"comment_status":"open","ping_status":"open","sticky":false,"template":"","format":"standard","meta":{"footnotes":""},"categories":[34],"tags":[],"_links":{"self":[{"href":"https:\/\/www.fumssar.com.br\/index.php?rest_route=\/wp\/v2\/posts\/837"}],"collection":[{"href":"https:\/\/www.fumssar.com.br\/index.php?rest_route=\/wp\/v2\/posts"}],"about":[{"href":"https:\/\/www.fumssar.com.br\/index.php?rest_route=\/wp\/v2\/types\/post"}],"author":[{"embeddable":true,"href":"https:\/\/www.fumssar.com.br\/index.php?rest_route=\/wp\/v2\/users\/6"}],"replies":[{"embeddable":true,"href":"https:\/\/www.fumssar.com.br\/index.php?rest_route=%2Fwp%2Fv2%2Fcomments&post=837"}],"version-history":[{"count":3,"href":"https:\/\/www.fumssar.com.br\/index.php?rest_route=\/wp\/v2\/posts\/837\/revisions"}],"predecessor-version":[{"id":840,"href":"https:\/\/www.fumssar.com.br\/index.php?rest_route=\/wp\/v2\/posts\/837\/revisions\/840"}],"wp:attachment":[{"href":"https:\/\/www.fumssar.com.br\/index.php?rest_route=%2Fwp%2Fv2%2Fmedia&parent=837"}],"wp:term":[{"taxonomy":"category","embeddable":true,"href":"https:\/\/www.fumssar.com.br\/index.php?rest_route=%2Fwp%2Fv2%2Fcategories&post=837"},{"taxonomy":"post_tag","embeddable":true,"href":"https:\/\/www.fumssar.com.br\/index.php?rest_route=%2Fwp%2Fv2%2Ftags&post=837"}],"curies":[{"name":"wp","href":"https:\/\/api.w.org\/{rel}","templated":true}]}}