{"id":8252,"date":"2016-07-21T16:04:40","date_gmt":"2016-07-21T19:04:40","guid":{"rendered":"http:\/\/www.fumssar.com.br\/?p=8252"},"modified":"2024-10-07T16:35:31","modified_gmt":"2024-10-07T19:35:31","slug":"direcao-da-fumssar-visitou-a-obra-do-novo-posto-da-agricola","status":"publish","type":"post","link":"https:\/\/www.fumssar.com.br\/?p=8252","title":{"rendered":"Dire\u00e7\u00e3o da FUMSSAR visitou a obra do novo Posto da Agr\u00edcola"},"content":{"rendered":"<p>O presidente da Funda\u00e7\u00e3o Municipal de Sa\u00fade de Santa Rosa-FUMSSAR, D\u00e9lcio Stefan e o diretor da Gest\u00e3o Administrativa, Jean Luca Diesel, acompanhados do arquiteto Marcos Cartana, visitaram na manh\u00e3 de sexta-feira, 15, a obra de constru\u00e7\u00e3o do novo Posto de Sa\u00fade da Vila Agr\u00edcola.<\/p>\n<p>\u00a0\u00a0\u00a0\u00a0\u00a0\u00a0\u00a0\u00a0\u00a0\u00a0\u00a0\u00a0\u00a0\u00a0\u00a0 Na oportunidade foi verificada a possibilidade de realizar aterramento de um local em frente \u00e0 edifica\u00e7\u00e3o para permitir a constru\u00e7\u00e3o de rampa de acesso para pessoas portadoras de necessidades especiais e idosas com dificuldade de locomo\u00e7\u00e3o. Durante a visita D\u00e9lcio Stefan destacou que a obra est\u00e1 em fase de acabamento \u00a0e alguns ajustes finais ser\u00e3o necess\u00e1rios. O presidente lembrou ainda que ap\u00f3s conclu\u00eddo o novo posto ser\u00e1 um dos maiores da grande regi\u00e3o e poder\u00e1 atender uma demanda al\u00e9m do bairro que atende. \u201c Temos uma obra moderna e de grande porte que poder\u00e1 no futuro agregar outras demandas\u201d ressaltou Stefan.<\/p>\n","protected":false},"excerpt":{"rendered":"<p>O presidente da Funda\u00e7\u00e3o Municipal de Sa\u00fade de Santa Rosa-FUMSSAR, D\u00e9lcio Stefan e o diretor&#8230;<\/p>\n","protected":false},"author":11,"featured_media":8253,"comment_status":"open","ping_status":"open","sticky":false,"template":"","format":"standard","meta":{"footnotes":""},"categories":[2],"tags":[],"_links":{"self":[{"href":"https:\/\/www.fumssar.com.br\/index.php?rest_route=\/wp\/v2\/posts\/8252"}],"collection":[{"href":"https:\/\/www.fumssar.com.br\/index.php?rest_route=\/wp\/v2\/posts"}],"about":[{"href":"https:\/\/www.fumssar.com.br\/index.php?rest_route=\/wp\/v2\/types\/post"}],"author":[{"embeddable":true,"href":"https:\/\/www.fumssar.com.br\/index.php?rest_route=\/wp\/v2\/users\/11"}],"replies":[{"embeddable":true,"href":"https:\/\/www.fumssar.com.br\/index.php?rest_route=%2Fwp%2Fv2%2Fcomments&post=8252"}],"version-history":[{"count":1,"href":"https:\/\/www.fumssar.com.br\/index.php?rest_route=\/wp\/v2\/posts\/8252\/revisions"}],"predecessor-version":[{"id":8254,"href":"https:\/\/www.fumssar.com.br\/index.php?rest_route=\/wp\/v2\/posts\/8252\/revisions\/8254"}],"wp:featuredmedia":[{"embeddable":true,"href":"https:\/\/www.fumssar.com.br\/index.php?rest_route=\/wp\/v2\/media\/8253"}],"wp:attachment":[{"href":"https:\/\/www.fumssar.com.br\/index.php?rest_route=%2Fwp%2Fv2%2Fmedia&parent=8252"}],"wp:term":[{"taxonomy":"category","embeddable":true,"href":"https:\/\/www.fumssar.com.br\/index.php?rest_route=%2Fwp%2Fv2%2Fcategories&post=8252"},{"taxonomy":"post_tag","embeddable":true,"href":"https:\/\/www.fumssar.com.br\/index.php?rest_route=%2Fwp%2Fv2%2Ftags&post=8252"}],"curies":[{"name":"wp","href":"https:\/\/api.w.org\/{rel}","templated":true}]}}