{"id":8194,"date":"2016-07-21T10:21:42","date_gmt":"2016-07-21T13:21:42","guid":{"rendered":"http:\/\/www.fumssar.com.br\/?p=8194"},"modified":"2024-10-07T16:35:31","modified_gmt":"2024-10-07T19:35:31","slug":"articulacao-regional-pretende-captar-recursos-de-emendas-parlamentares-para-investimentos-em-servicos-de-saude","status":"publish","type":"post","link":"https:\/\/www.fumssar.com.br\/?p=8194","title":{"rendered":"Articula\u00e7\u00e3o regional pretende captar recursos de emendas Parlamentares para investimentos em servi\u00e7os de sa\u00fade"},"content":{"rendered":"<p>Lideran\u00e7as regionais atrav\u00e9s do Cons\u00f3rcio Fronteira Noroeste-COFRON, pretendem articular uma a\u00e7\u00e3o para viabilizar recursos de emendas parlamentares na \u00e1rea federal sejam destinadas para investimentos em na compra de servi\u00e7os de m\u00e9dias e altas complexidade\u00a0\u00a0\u00a0\u00a0\u00a0 na\u00a0\u00a0\u00a0\u00a0\u00a0\u00a0\u00a0 \u00e1rea\u00a0\u00a0\u00a0\u00a0 de\u00a0\u00a0\u00a0\u00a0\u00a0\u00a0\u00a0 sa\u00fade.<br \/>\n\u00a0\u00a0\u00a0\u00a0\u00a0\u00a0\u00a0\u00a0\u00a0\u00a0\u00a0\u00a0\u00a0 A ideia j\u00e1 vem sido discutida, e na tarde de quarta-feira, 20, um encontro entre integrantes da entidade, ligados \u00e0 \u00e1rea da sa\u00fade discutiu as a\u00e7\u00f5es a serem implementadas. A Prefeita de Porto Vera Cruz, Vanice Matos, que preside no COFRON, explicou que ao inv\u00e9s dos parlamentares destinarem recursos para a compra de equipamentos e para obras, no momento existe uma preocupa\u00e7\u00e3o para a diminui\u00e7\u00e3o das filas nos procedimentos de m\u00e9dia e alta complexidade, bem como na aten\u00e7\u00e3o b\u00e1sica. Para ela, ser\u00e1 um grande avan\u00e7o se estes esfor\u00e7os derem os resultados projetados. \u201cQueremos organizar a regi\u00e3o buscando utilizar os recursos visando o aumento na oferta dos servi\u00e7os\u201d frisou a prefeita.<\/p>\n<p>\u00a0O presidente da Funda\u00e7\u00e3o Municipal de Sa\u00fade de Santa Rosa-FUMSSAR, D\u00e9lcio Stefan ressaltou que o objetivo \u00e9 articular lideran\u00e7as regionais para que busquem junto aos parlamentares a de destina\u00e7\u00e3o de recursos de emendas impositivas na \u00e1rea da sa\u00fade para que sejam utilizadas nos servi\u00e7os de refer\u00eancia regional. \u201cQueremos reduzir as demandas, atrav\u00e9s de uma grande mobiliza\u00e7\u00e3o regional, e com isto poderemos ofertar ainda mais servi\u00e7os aos usu\u00e1rios do SUS\u201d ressaltou Stefan.<br \/>\n\u00a0\u00a0\u00a0\u00a0\u00a0\u00a0\u00a0\u00a0\u00a0\u00a0\u00a0\u00a0 O Secret\u00e1rio Municipal da Sa\u00fade de senador salgado filho Admar Kuyven que preside o setor de Secret\u00e1rios de Sa\u00fade da Regi\u00e3o no COFRON, est\u00e1 convocando uma reuni\u00e3o para a pr\u00f3xima semana para todos os representantes das pastas de sa\u00fade para discutir o tema.<\/p>\n<p>&nbsp;<\/p>\n","protected":false},"excerpt":{"rendered":"<p>Lideran\u00e7as regionais atrav\u00e9s do Cons\u00f3rcio Fronteira Noroeste-COFRON, pretendem articular uma a\u00e7\u00e3o para viabilizar recursos de&#8230;<\/p>\n","protected":false},"author":11,"featured_media":8195,"comment_status":"open","ping_status":"open","sticky":false,"template":"","format":"standard","meta":{"footnotes":""},"categories":[2],"tags":[],"_links":{"self":[{"href":"https:\/\/www.fumssar.com.br\/index.php?rest_route=\/wp\/v2\/posts\/8194"}],"collection":[{"href":"https:\/\/www.fumssar.com.br\/index.php?rest_route=\/wp\/v2\/posts"}],"about":[{"href":"https:\/\/www.fumssar.com.br\/index.php?rest_route=\/wp\/v2\/types\/post"}],"author":[{"embeddable":true,"href":"https:\/\/www.fumssar.com.br\/index.php?rest_route=\/wp\/v2\/users\/11"}],"replies":[{"embeddable":true,"href":"https:\/\/www.fumssar.com.br\/index.php?rest_route=%2Fwp%2Fv2%2Fcomments&post=8194"}],"version-history":[{"count":1,"href":"https:\/\/www.fumssar.com.br\/index.php?rest_route=\/wp\/v2\/posts\/8194\/revisions"}],"predecessor-version":[{"id":8196,"href":"https:\/\/www.fumssar.com.br\/index.php?rest_route=\/wp\/v2\/posts\/8194\/revisions\/8196"}],"wp:featuredmedia":[{"embeddable":true,"href":"https:\/\/www.fumssar.com.br\/index.php?rest_route=\/wp\/v2\/media\/8195"}],"wp:attachment":[{"href":"https:\/\/www.fumssar.com.br\/index.php?rest_route=%2Fwp%2Fv2%2Fmedia&parent=8194"}],"wp:term":[{"taxonomy":"category","embeddable":true,"href":"https:\/\/www.fumssar.com.br\/index.php?rest_route=%2Fwp%2Fv2%2Fcategories&post=8194"},{"taxonomy":"post_tag","embeddable":true,"href":"https:\/\/www.fumssar.com.br\/index.php?rest_route=%2Fwp%2Fv2%2Ftags&post=8194"}],"curies":[{"name":"wp","href":"https:\/\/api.w.org\/{rel}","templated":true}]}}