{"id":8153,"date":"2016-05-13T11:30:18","date_gmt":"2016-05-13T14:30:18","guid":{"rendered":"http:\/\/www.fumssar.com.br\/?p=8153"},"modified":"2016-07-12T16:09:14","modified_gmt":"2016-07-12T19:09:14","slug":"edital-no242016","status":"publish","type":"post","link":"https:\/\/www.fumssar.com.br\/?p=8153","title":{"rendered":"Edital N\u00ba24\/2016"},"content":{"rendered":"<p align=\"center\"><b>CONCURSO P\u00daBLICO N\u00ba 01\/2014<\/b><\/p>\n<p>&nbsp;<\/p>\n<p>&nbsp;<\/p>\n<p><b>EDITAL N\u00ba 24\/2016 \u2013 de PRORROGA\u00c7\u00c3O do Concurso P\u00fablico n.\u00ba 01\/2014<\/b><\/p>\n<p>&nbsp;<\/p>\n<p>O Presidente da Funda\u00e7\u00e3o Municipal de Sa\u00fade de Santa Rosa &#8211; FUMSSAR,\u00a0 Estado do Rio Grande do Sul, no uso de suas atribui\u00e7\u00f5es legais que lhe s\u00e3o conferidas pela Lei n.\u00ba 4967\/2013, e de acordo com o cap\u00edtulo XII do Edital de <b>CONCURSO P\u00daBLICO n.\u00ba 01\/2014<\/b> de 14 de mar\u00e7o de 2014, homologado em 16 de maio de 2014, torna p\u00fablica a <b><span style=\"text-decoration: underline\">PRORROGA\u00c7\u00c3O do mesmo, pelo per\u00edodo de 02 (dois) anos,<\/span><\/b>\u00a0 a partir de 16 de maio de 2016, para os cargos de <b>AUXILIAR DE LABORAT\u00d3RIO, ENGENHEIRO DE SEGURAN\u00c7A DO TRABALHO II, T\u00c9CNICO DE SEGURAN\u00c7A DO TRABALHO\u00a0 .<\/b><\/p>\n<p><b>\u00a0<\/b><\/p>\n<p>Santa Rosa, 13 de maio de 2016.<\/p>\n<p>_______________________<\/p>\n<p>D\u00c9LCIO STEFAN<\/p>\n<p>Presidente da FUMSSAR<a href=\"http:\/\/www.fumssar.com.br\/wp-content\/uploads\/2016\/07\/Edital-24-PRORROGA\u00c7\u00c3O.pdf\">Edital 24 &#8211; PRORROGA\u00c7\u00c3O<\/a><\/p>\n<p>_________________________________<\/p>\n<p>JEAN LUCA DIESEL<\/p>\n<p>Diretor de Gest\u00e3o Administrativa<\/p>\n<p>&nbsp;<\/p>\n<p>&nbsp;<\/p>\n<p>&nbsp;<\/p>\n<p>&nbsp;<\/p>\n<p>Registre-se e Publique-se,<\/p>\n<p>&nbsp;<\/p>\n<p align=\"center\"><b>\u00a0<\/b><\/p>\n","protected":false},"excerpt":{"rendered":"<p>CONCURSO P\u00daBLICO N\u00ba 01\/2014 &nbsp; &nbsp; EDITAL N\u00ba 24\/2016 \u2013 de PRORROGA\u00c7\u00c3O do Concurso P\u00fablico&#8230;<\/p>\n","protected":false},"author":19,"featured_media":0,"comment_status":"open","ping_status":"open","sticky":false,"template":"","format":"standard","meta":{"footnotes":""},"categories":[43],"tags":[],"_links":{"self":[{"href":"https:\/\/www.fumssar.com.br\/index.php?rest_route=\/wp\/v2\/posts\/8153"}],"collection":[{"href":"https:\/\/www.fumssar.com.br\/index.php?rest_route=\/wp\/v2\/posts"}],"about":[{"href":"https:\/\/www.fumssar.com.br\/index.php?rest_route=\/wp\/v2\/types\/post"}],"author":[{"embeddable":true,"href":"https:\/\/www.fumssar.com.br\/index.php?rest_route=\/wp\/v2\/users\/19"}],"replies":[{"embeddable":true,"href":"https:\/\/www.fumssar.com.br\/index.php?rest_route=%2Fwp%2Fv2%2Fcomments&post=8153"}],"version-history":[{"count":1,"href":"https:\/\/www.fumssar.com.br\/index.php?rest_route=\/wp\/v2\/posts\/8153\/revisions"}],"predecessor-version":[{"id":8155,"href":"https:\/\/www.fumssar.com.br\/index.php?rest_route=\/wp\/v2\/posts\/8153\/revisions\/8155"}],"wp:attachment":[{"href":"https:\/\/www.fumssar.com.br\/index.php?rest_route=%2Fwp%2Fv2%2Fmedia&parent=8153"}],"wp:term":[{"taxonomy":"category","embeddable":true,"href":"https:\/\/www.fumssar.com.br\/index.php?rest_route=%2Fwp%2Fv2%2Fcategories&post=8153"},{"taxonomy":"post_tag","embeddable":true,"href":"https:\/\/www.fumssar.com.br\/index.php?rest_route=%2Fwp%2Fv2%2Ftags&post=8153"}],"curies":[{"name":"wp","href":"https:\/\/api.w.org\/{rel}","templated":true}]}}