{"id":8009,"date":"2016-07-06T17:25:47","date_gmt":"2016-07-06T20:25:47","guid":{"rendered":"http:\/\/www.fumssar.com.br\/?p=8009"},"modified":"2024-10-07T16:35:31","modified_gmt":"2024-10-07T19:35:31","slug":"academicos-de-frederico-westphalen-conheceram-a-fumssar","status":"publish","type":"post","link":"https:\/\/www.fumssar.com.br\/?p=8009","title":{"rendered":"Acad\u00eamicos de Frederico Westphalen conheceram a FUMSSAR"},"content":{"rendered":"<p>\u00a0\u00a0\u00a0\u00a0\u00a0\u00a0\u00a0\u00a0\u00a0\u00a0\u00a0 Alunos do curso de enfermagem da Universidade Regional Integrada-URI do Campus de Frederico Westphalen, estiveram em Santa Rosa na sexta-feira, 01. o objetivo da visita foi conhecer o sistema p\u00fablico de sa\u00fade do munic\u00edpio e a FUMSSAR.<\/p>\n<p>\u00a0\u00a0\u00a0\u00a0\u00a0\u00a0\u00a0\u00a0\u00a0\u00a0\u00a0 Na parte da manh\u00e3 os estudantes receberam orienta\u00e7\u00f5es sobre a estrutura oferecida aos usu\u00e1rios atrav\u00e9s da rede de aten\u00e7\u00e3o prim\u00e1ria, rede complementar e os servi\u00e7os que s\u00e3o prestados. Tamb\u00e9m a organiza\u00e7\u00e3o do sistema, seu hist\u00f3rico e o fortalecimento da rede foi explanado aos visitantes.<\/p>\n<p>\u00a0\u00a0\u00a0\u00a0\u00a0\u00a0\u00a0\u00a0\u00a0\u00a0\u00a0 A tarde os acad\u00eamicos foram conhecer a rede de postos e os demais setores \u00a0bem como o funcionamento de cada um deles. A dire\u00e7\u00e3o da FUMSSAR atrav\u00e9s do presidente D\u00e9lcio Stefan e da diretora da Gest\u00e3o de Aten\u00e7\u00e3o Prim\u00e1ria, Elisiane Bisognin recepcionaram o grupo e a diretora acompanhou nas visitas \u00a0esclarecendo d\u00favidas e questionamentos.<\/p>\n<p><a href=\"http:\/\/www.fumssar.com.br\/wp-content\/uploads\/2016\/07\/visita-frederico-2.jpg\"><img loading=\"lazy\" decoding=\"async\" class=\"alignnone size-medium wp-image-8011\" alt=\"visita frederico 2\" src=\"http:\/\/www.fumssar.com.br\/wp-content\/uploads\/2016\/07\/visita-frederico-2-300x296.jpg\" width=\"300\" height=\"296\" srcset=\"https:\/\/www.fumssar.com.br\/wp-content\/uploads\/2016\/07\/visita-frederico-2-300x296.jpg 300w, https:\/\/www.fumssar.com.br\/wp-content\/uploads\/2016\/07\/visita-frederico-2.jpg 379w\" sizes=\"(max-width: 300px) 100vw, 300px\" \/><\/a><\/p>\n","protected":false},"excerpt":{"rendered":"<p>\u00a0\u00a0\u00a0\u00a0\u00a0\u00a0\u00a0\u00a0\u00a0\u00a0\u00a0 Alunos do curso de enfermagem da Universidade Regional Integrada-URI do Campus de Frederico Westphalen,&#8230;<\/p>\n","protected":false},"author":11,"featured_media":8010,"comment_status":"open","ping_status":"open","sticky":false,"template":"","format":"standard","meta":{"footnotes":""},"categories":[2],"tags":[],"_links":{"self":[{"href":"https:\/\/www.fumssar.com.br\/index.php?rest_route=\/wp\/v2\/posts\/8009"}],"collection":[{"href":"https:\/\/www.fumssar.com.br\/index.php?rest_route=\/wp\/v2\/posts"}],"about":[{"href":"https:\/\/www.fumssar.com.br\/index.php?rest_route=\/wp\/v2\/types\/post"}],"author":[{"embeddable":true,"href":"https:\/\/www.fumssar.com.br\/index.php?rest_route=\/wp\/v2\/users\/11"}],"replies":[{"embeddable":true,"href":"https:\/\/www.fumssar.com.br\/index.php?rest_route=%2Fwp%2Fv2%2Fcomments&post=8009"}],"version-history":[{"count":1,"href":"https:\/\/www.fumssar.com.br\/index.php?rest_route=\/wp\/v2\/posts\/8009\/revisions"}],"predecessor-version":[{"id":8012,"href":"https:\/\/www.fumssar.com.br\/index.php?rest_route=\/wp\/v2\/posts\/8009\/revisions\/8012"}],"wp:featuredmedia":[{"embeddable":true,"href":"https:\/\/www.fumssar.com.br\/index.php?rest_route=\/wp\/v2\/media\/8010"}],"wp:attachment":[{"href":"https:\/\/www.fumssar.com.br\/index.php?rest_route=%2Fwp%2Fv2%2Fmedia&parent=8009"}],"wp:term":[{"taxonomy":"category","embeddable":true,"href":"https:\/\/www.fumssar.com.br\/index.php?rest_route=%2Fwp%2Fv2%2Fcategories&post=8009"},{"taxonomy":"post_tag","embeddable":true,"href":"https:\/\/www.fumssar.com.br\/index.php?rest_route=%2Fwp%2Fv2%2Ftags&post=8009"}],"curies":[{"name":"wp","href":"https:\/\/api.w.org\/{rel}","templated":true}]}}