{"id":7991,"date":"2016-07-05T17:19:55","date_gmt":"2016-07-05T20:19:55","guid":{"rendered":"http:\/\/www.fumssar.com.br\/?p=7991"},"modified":"2024-10-07T16:35:31","modified_gmt":"2024-10-07T19:35:31","slug":"mudancas-de-funcoes-na-fumssar","status":"publish","type":"post","link":"https:\/\/www.fumssar.com.br\/?p=7991","title":{"rendered":"Mudan\u00e7as de fun\u00e7\u00f5es na FUMSSAR"},"content":{"rendered":"<p>\u00a0\u00a0\u00a0\u00a0\u00a0\u00a0\u00a0\u00a0\u00a0\u00a0\u00a0\u00a0 Tendo em vista o cumprimento da legisla\u00e7\u00e3o eleitoral, e que servidores da Funda\u00e7\u00e3o Municipal de Sa\u00fade, tiveram que licenciar-se dos cargos que ocupavam, pois ir\u00e3o concorrer no pleito que se aproxima, novas adequa\u00e7\u00f5es internas foram realizadas.<br \/>\n\u00a0\u00a0\u00a0\u00a0\u00a0 Neste sentido Fernanda Walker passou a coordenar o CEREST-Fronteira Noroeste. <a href=\"https:\/\/www.facebook.com\/douglas.vione\">Douglas Vione<\/a>, passa a responder pelo setor de compras da FUMSSAR e em seu lugar assumiu o servidor Jo\u00e3o <a href=\"https:\/\/www.facebook.com\/joao.berti.9\">Joao Berti<\/a>, ambos servidores do quadro da institui\u00e7\u00e3o. O presidente D\u00e9lcio Stefan, visitou os setores onde houveram as modifica\u00e7\u00f5es, desejando a todos \u00eaxito nas suas novas fun\u00e7\u00f5es.<\/p>\n<p><a href=\"http:\/\/www.fumssar.com.br\/wp-content\/uploads\/2016\/07\/douglas.jpg\"><img loading=\"lazy\" decoding=\"async\" class=\"alignnone size-medium wp-image-7993\" alt=\"douglas\" src=\"http:\/\/www.fumssar.com.br\/wp-content\/uploads\/2016\/07\/douglas-300x233.jpg\" width=\"300\" height=\"233\" srcset=\"https:\/\/www.fumssar.com.br\/wp-content\/uploads\/2016\/07\/douglas-300x233.jpg 300w, https:\/\/www.fumssar.com.br\/wp-content\/uploads\/2016\/07\/douglas.jpg 559w\" sizes=\"(max-width: 300px) 100vw, 300px\" \/><\/a><a href=\"http:\/\/www.fumssar.com.br\/wp-content\/uploads\/2016\/07\/jo\u00e3o-berti.jpg\"><img loading=\"lazy\" decoding=\"async\" class=\"alignnone size-medium wp-image-7994\" alt=\"jo\u00e3o berti\" src=\"http:\/\/www.fumssar.com.br\/wp-content\/uploads\/2016\/07\/jo\u00e3o-berti-300x282.jpg\" width=\"300\" height=\"282\" srcset=\"https:\/\/www.fumssar.com.br\/wp-content\/uploads\/2016\/07\/jo\u00e3o-berti-300x282.jpg 300w, https:\/\/www.fumssar.com.br\/wp-content\/uploads\/2016\/07\/jo\u00e3o-berti.jpg 566w\" sizes=\"(max-width: 300px) 100vw, 300px\" \/><\/a><\/p>\n","protected":false},"excerpt":{"rendered":"<p>\u00a0\u00a0\u00a0\u00a0\u00a0\u00a0\u00a0\u00a0\u00a0\u00a0\u00a0\u00a0 Tendo em vista o cumprimento da legisla\u00e7\u00e3o eleitoral, e que servidores da Funda\u00e7\u00e3o Municipal&#8230;<\/p>\n","protected":false},"author":11,"featured_media":7992,"comment_status":"open","ping_status":"open","sticky":false,"template":"","format":"standard","meta":{"footnotes":""},"categories":[2],"tags":[],"_links":{"self":[{"href":"https:\/\/www.fumssar.com.br\/index.php?rest_route=\/wp\/v2\/posts\/7991"}],"collection":[{"href":"https:\/\/www.fumssar.com.br\/index.php?rest_route=\/wp\/v2\/posts"}],"about":[{"href":"https:\/\/www.fumssar.com.br\/index.php?rest_route=\/wp\/v2\/types\/post"}],"author":[{"embeddable":true,"href":"https:\/\/www.fumssar.com.br\/index.php?rest_route=\/wp\/v2\/users\/11"}],"replies":[{"embeddable":true,"href":"https:\/\/www.fumssar.com.br\/index.php?rest_route=%2Fwp%2Fv2%2Fcomments&post=7991"}],"version-history":[{"count":1,"href":"https:\/\/www.fumssar.com.br\/index.php?rest_route=\/wp\/v2\/posts\/7991\/revisions"}],"predecessor-version":[{"id":7995,"href":"https:\/\/www.fumssar.com.br\/index.php?rest_route=\/wp\/v2\/posts\/7991\/revisions\/7995"}],"wp:featuredmedia":[{"embeddable":true,"href":"https:\/\/www.fumssar.com.br\/index.php?rest_route=\/wp\/v2\/media\/7992"}],"wp:attachment":[{"href":"https:\/\/www.fumssar.com.br\/index.php?rest_route=%2Fwp%2Fv2%2Fmedia&parent=7991"}],"wp:term":[{"taxonomy":"category","embeddable":true,"href":"https:\/\/www.fumssar.com.br\/index.php?rest_route=%2Fwp%2Fv2%2Fcategories&post=7991"},{"taxonomy":"post_tag","embeddable":true,"href":"https:\/\/www.fumssar.com.br\/index.php?rest_route=%2Fwp%2Fv2%2Ftags&post=7991"}],"curies":[{"name":"wp","href":"https:\/\/api.w.org\/{rel}","templated":true}]}}