{"id":7835,"date":"2016-06-21T17:19:08","date_gmt":"2016-06-21T20:19:08","guid":{"rendered":"http:\/\/www.fumssar.com.br\/?p=7835"},"modified":"2024-10-07T16:35:31","modified_gmt":"2024-10-07T19:35:31","slug":"boletim-atualizado-da-dengue-e-outras","status":"publish","type":"post","link":"https:\/\/www.fumssar.com.br\/?p=7835","title":{"rendered":"Boletim atualizado da Dengue e outras"},"content":{"rendered":"<p align=\"center\"><b>PREFEITURA MUNICIPAL DE SANTA ROSA<\/b><br \/>\n<b>FUMSSAR- Funda\u00e7\u00e3o Municipal da Sa\u00fade de Santa Rosa<\/b><\/p>\n<p align=\"center\"><b>Sala Municipal de Controle e Combate ao Aedes aegypti<\/b><\/p>\n<p>Boletim Oficial da Dengue, Zika V\u00edrus e Febre Chikungunya em Santa Rosa, no<\/p>\n<p>dia 21 \/6\/2016.<\/p>\n<p><b>Dengue:<\/b><\/p>\n<p>*DENGUE- 443 Notificados; 238 Confirmados; 58 Descartados\u00a0 e 147 em Investiga\u00e7\u00e3o.<\/p>\n<p>O aumento siginficativo dos n\u00fameros de casos confirmados deve-se ao fato da VISA fazer um encerramento dos casos, sem aguardar resultados do LACEN,utilizando crit\u00e9rio clinico-epidemiol\u00f3gico.<b><\/b><\/p>\n<table width=\"384\" border=\"0\" cellspacing=\"0\" cellpadding=\"0\">\n<tbody>\n<tr>\n<td valign=\"bottom\" nowrap=\"nowrap\" width=\"384\">OBS: dos 238 casos confirmados, 61 foram por crit\u00e9rio laboratorial (40 pelo Lacen e 21 por laborat\u00f3rios privados) e 177 por crit\u00e9rio clinico-epidemiol\u00f3gico.<\/p>\n<p><b>Chikungnunya <\/b><\/td>\n<\/tr>\n<tr>\n<td valign=\"bottom\" nowrap=\"nowrap\" width=\"384\">\u00a0<\/td>\n<\/tr>\n<tr>\n<td valign=\"bottom\" nowrap=\"nowrap\" width=\"384\">*CHICKUNGUNYA- 5 Notificados; 5 Descartados e 0 em Investiga\u00e7\u00e3o.<\/td>\n<\/tr>\n<tr>\n<td valign=\"bottom\" nowrap=\"nowrap\" width=\"384\">\u00a0<\/td>\n<\/tr>\n<tr>\n<td valign=\"bottom\" nowrap=\"nowrap\" width=\"384\"><b>Zika v\u00edrus<\/b><\/td>\n<\/tr>\n<tr>\n<td valign=\"bottom\" nowrap=\"nowrap\" width=\"384\">\u00a0<\/td>\n<\/tr>\n<tr>\n<td valign=\"bottom\" nowrap=\"nowrap\" width=\"384\">*ZIKA- 23 Notificados; 12 Descartados; 1 Confirmado e 10 em Investiga\u00e7\u00e3o.<\/td>\n<\/tr>\n<tr>\n<td valign=\"bottom\" nowrap=\"nowrap\" width=\"384\">\u00a0<\/td>\n<\/tr>\n<\/tbody>\n<\/table>\n<p>A FUMSSAR informa que a partir desta data os boletins ser\u00e3o emitidos a cada 15 dias sempre na quarta \u2013feira. Outras \u00a0informa\u00e7\u00f5es n\u00e3o ser\u00e3o reconhecidas como oficiais.<\/p>\n<p align=\"center\">Santa Rosa, 21 \u00a0de junho \u00a0de 2016.<\/p>\n","protected":false},"excerpt":{"rendered":"<p>PREFEITURA MUNICIPAL DE SANTA ROSA FUMSSAR- Funda\u00e7\u00e3o Municipal da Sa\u00fade de Santa Rosa Sala Municipal&#8230;<\/p>\n","protected":false},"author":11,"featured_media":6842,"comment_status":"open","ping_status":"open","sticky":false,"template":"","format":"standard","meta":{"footnotes":""},"categories":[2],"tags":[],"_links":{"self":[{"href":"https:\/\/www.fumssar.com.br\/index.php?rest_route=\/wp\/v2\/posts\/7835"}],"collection":[{"href":"https:\/\/www.fumssar.com.br\/index.php?rest_route=\/wp\/v2\/posts"}],"about":[{"href":"https:\/\/www.fumssar.com.br\/index.php?rest_route=\/wp\/v2\/types\/post"}],"author":[{"embeddable":true,"href":"https:\/\/www.fumssar.com.br\/index.php?rest_route=\/wp\/v2\/users\/11"}],"replies":[{"embeddable":true,"href":"https:\/\/www.fumssar.com.br\/index.php?rest_route=%2Fwp%2Fv2%2Fcomments&post=7835"}],"version-history":[{"count":1,"href":"https:\/\/www.fumssar.com.br\/index.php?rest_route=\/wp\/v2\/posts\/7835\/revisions"}],"predecessor-version":[{"id":7836,"href":"https:\/\/www.fumssar.com.br\/index.php?rest_route=\/wp\/v2\/posts\/7835\/revisions\/7836"}],"wp:featuredmedia":[{"embeddable":true,"href":"https:\/\/www.fumssar.com.br\/index.php?rest_route=\/wp\/v2\/media\/6842"}],"wp:attachment":[{"href":"https:\/\/www.fumssar.com.br\/index.php?rest_route=%2Fwp%2Fv2%2Fmedia&parent=7835"}],"wp:term":[{"taxonomy":"category","embeddable":true,"href":"https:\/\/www.fumssar.com.br\/index.php?rest_route=%2Fwp%2Fv2%2Fcategories&post=7835"},{"taxonomy":"post_tag","embeddable":true,"href":"https:\/\/www.fumssar.com.br\/index.php?rest_route=%2Fwp%2Fv2%2Ftags&post=7835"}],"curies":[{"name":"wp","href":"https:\/\/api.w.org\/{rel}","templated":true}]}}