{"id":7809,"date":"2016-06-20T14:34:05","date_gmt":"2016-06-20T17:34:05","guid":{"rendered":"http:\/\/www.fumssar.com.br\/?p=7809"},"modified":"2024-10-07T16:35:31","modified_gmt":"2024-10-07T19:35:31","slug":"inaugurada-em-clima-de-festa-a-academia-de-saude-do-bairro-auxiliadora","status":"publish","type":"post","link":"https:\/\/www.fumssar.com.br\/?p=7809","title":{"rendered":"Inaugurada em clima de festa a Academia de Sa\u00fade do Bairro Auxiliadora"},"content":{"rendered":"<p>O governo municipal de Santa Rosa entregou na tarde de s\u00e1bado, 18, mais uma Academia de Sa\u00fade para a popula\u00e7\u00e3o de Santa Rosa, desta vez a comunidade beneficiada\u00a0\u00a0\u00a0\u00a0\u00a0 foi\u00a0\u00a0\u00a0\u00a0\u00a0\u00a0 do\u00a0\u00a0\u00a0\u00a0\u00a0\u00a0\u00a0 Bairro\u00a0 Auxiliadora.<br \/>\n\u00a0\u00a0\u00a0\u00a0\u00a0\u00a0\u00a0\u00a0\u00a0\u00a0 A comunidade local comemorou o ato com diversas atividades. A Banda ATUS 3 que \u00e9 do bairro embalou a tarde com suas m\u00fasicas. Alunos da Escola Estadual Joaquim Jos\u00e9 Felizardo-CIEP fizeram apresenta\u00e7\u00f5es art\u00edsticas bem como o m\u00fasico Paulinho Moreno que \u00e9 morador da localidade, durante o evento os participantes puderam\u00a0\u00a0\u00a0\u00a0\u00a0\u00a0\u00a0\u00a0\u00a0\u00a0\u00a0 usufruir\u00a0\u00a0\u00a0\u00a0\u00a0\u00a0\u00a0\u00a0\u00a0\u00a0 de\u00a0\u00a0\u00a0\u00a0\u00a0\u00a0\u00a0 uma\u00a0\u00a0\u00a0\u00a0 mateada\u00a0\u00a0\u00a0\u00a0\u00a0\u00a0\u00a0\u00a0\u00a0 coletiva.<br \/>\n\u00a0\u00a0\u00a0\u00a0\u00a0\u00a0\u00a0\u00a0\u00a0\u00a0 A Academia foi constru\u00edda atrav\u00e9s de uma parceria da Administra\u00e7\u00e3o Municipal e da Associa\u00e7\u00e3o de Moradores que atrav\u00e9s de doa\u00e7\u00f5es construiu as bases de concreto e a FUMSSAR disponibilizou os equipamentos. O presidente da Associa\u00e7\u00e3o, Corn\u00e9lio Alves dos Santos, agradeceu a parceria e que esta a\u00e7\u00e3o era uma reivindica\u00e7\u00e3o antiga da comunidade e que se tornou realidade gra\u00e7as a parceria com o poder p\u00fablico. Aldair Melchior, ex-diretor da Gest\u00e3o Administrativa da FUMSSAR, destacou que as \u00faltimas academias implantadas pela gest\u00e3o, s\u00e3o frutos de economias e que ir\u00e3o beneficiar muito os usu\u00e1rios. Para o presidente da Funda\u00e7\u00e3o, D\u00e9lcio Stefan, este investimento ir\u00e1 contribuir com a qualidade de vida da popula\u00e7\u00e3o e, \u00e9 mais um mecanismo que poder\u00e1 ser utilizado pela equipe de sa\u00fade do bairro. Em sua manifesta\u00e7\u00e3o durante o evento, o Vice-prefeito de Santa Rosa, Dr. Lu\u00eds Ant\u00f4nio \u00a0Benvegn\u00fa, ressaltou a import\u00e2ncia que as academias representam na sa\u00fade da popula\u00e7\u00e3o, uma vez que vem ao encontro do trabalho de sa\u00fade preventiva da comunidade. Benvegn\u00fa destacou ainda que outros projetos est\u00e3o sendo elaborados e ir\u00e3o trazer ainda mais benef\u00edcios para o bairro.<br \/>\n\u00a0\u00a0\u00a0\u00a0\u00a0\u00a0\u00a0\u00a0\u00a0\u00a0 Durante o ato foi entregue oficialmente \u00e0 fam\u00edlia uma c\u00f3pia da lei que denomina a pra\u00e7a de Rafael Santana Levandowski, um jovem morador da localidade, m\u00fasico, que teve sua carreira e vida interrompida por um acidente.<\/p>\n<p><a href=\"http:\/\/www.fumssar.com.br\/wp-content\/uploads\/2016\/06\/academia-auxiliadora-2.jpg\"><img loading=\"lazy\" decoding=\"async\" class=\"alignnone size-medium wp-image-7813\" alt=\"academia auxiliadora 2\" src=\"http:\/\/www.fumssar.com.br\/wp-content\/uploads\/2016\/06\/academia-auxiliadora-2-300x199.jpg\" width=\"300\" height=\"199\" srcset=\"https:\/\/www.fumssar.com.br\/wp-content\/uploads\/2016\/06\/academia-auxiliadora-2-300x199.jpg 300w, https:\/\/www.fumssar.com.br\/wp-content\/uploads\/2016\/06\/academia-auxiliadora-2.jpg 800w\" sizes=\"(max-width: 300px) 100vw, 300px\" \/><\/a>\u00a0<a href=\"http:\/\/www.fumssar.com.br\/wp-content\/uploads\/2016\/06\/academia-auxiliadora.jpg\"><img loading=\"lazy\" decoding=\"async\" class=\"alignnone size-medium wp-image-7814\" alt=\"academia auxiliadora\" src=\"http:\/\/www.fumssar.com.br\/wp-content\/uploads\/2016\/06\/academia-auxiliadora-300x199.jpg\" width=\"300\" height=\"199\" srcset=\"https:\/\/www.fumssar.com.br\/wp-content\/uploads\/2016\/06\/academia-auxiliadora-300x199.jpg 300w, https:\/\/www.fumssar.com.br\/wp-content\/uploads\/2016\/06\/academia-auxiliadora.jpg 800w\" sizes=\"(max-width: 300px) 100vw, 300px\" \/><\/a><\/p>\n<p>&nbsp;<\/p>\n","protected":false},"excerpt":{"rendered":"<p>O governo municipal de Santa Rosa entregou na tarde de s\u00e1bado, 18, mais uma Academia&#8230;<\/p>\n","protected":false},"author":11,"featured_media":7810,"comment_status":"open","ping_status":"open","sticky":false,"template":"","format":"standard","meta":{"footnotes":""},"categories":[2],"tags":[],"_links":{"self":[{"href":"https:\/\/www.fumssar.com.br\/index.php?rest_route=\/wp\/v2\/posts\/7809"}],"collection":[{"href":"https:\/\/www.fumssar.com.br\/index.php?rest_route=\/wp\/v2\/posts"}],"about":[{"href":"https:\/\/www.fumssar.com.br\/index.php?rest_route=\/wp\/v2\/types\/post"}],"author":[{"embeddable":true,"href":"https:\/\/www.fumssar.com.br\/index.php?rest_route=\/wp\/v2\/users\/11"}],"replies":[{"embeddable":true,"href":"https:\/\/www.fumssar.com.br\/index.php?rest_route=%2Fwp%2Fv2%2Fcomments&post=7809"}],"version-history":[{"count":1,"href":"https:\/\/www.fumssar.com.br\/index.php?rest_route=\/wp\/v2\/posts\/7809\/revisions"}],"predecessor-version":[{"id":7815,"href":"https:\/\/www.fumssar.com.br\/index.php?rest_route=\/wp\/v2\/posts\/7809\/revisions\/7815"}],"wp:featuredmedia":[{"embeddable":true,"href":"https:\/\/www.fumssar.com.br\/index.php?rest_route=\/wp\/v2\/media\/7810"}],"wp:attachment":[{"href":"https:\/\/www.fumssar.com.br\/index.php?rest_route=%2Fwp%2Fv2%2Fmedia&parent=7809"}],"wp:term":[{"taxonomy":"category","embeddable":true,"href":"https:\/\/www.fumssar.com.br\/index.php?rest_route=%2Fwp%2Fv2%2Fcategories&post=7809"},{"taxonomy":"post_tag","embeddable":true,"href":"https:\/\/www.fumssar.com.br\/index.php?rest_route=%2Fwp%2Fv2%2Ftags&post=7809"}],"curies":[{"name":"wp","href":"https:\/\/api.w.org\/{rel}","templated":true}]}}