{"id":7793,"date":"2016-06-15T16:59:25","date_gmt":"2016-06-15T19:59:25","guid":{"rendered":"http:\/\/www.fumssar.com.br\/?p=7793"},"modified":"2024-10-07T16:35:31","modified_gmt":"2024-10-07T19:35:31","slug":"combate-ao-tabagismo-foi-tema-de-evento-realizado-pela-fumssar","status":"publish","type":"post","link":"https:\/\/www.fumssar.com.br\/?p=7793","title":{"rendered":"Combate ao tabagismo foi tema de evento realizado pela FUMSSAR"},"content":{"rendered":"<p>\u00a0\u00a0\u00a0\u00a0\u00a0\u00a0\u00a0 Intensificar ainda mais as a\u00e7\u00f5es de combate ao tabagismo \u00a0\u00e9 o objetivo do atual governo municipal de Santa Rosa. Neste sentido um evento reuniu profissionais de n\u00edvel superior e coordenadores da Rede de Aten\u00e7\u00e3o Prim\u00e1ria em Sa\u00fade.<br \/>\n\u00a0\u00a0\u00a0\u00a0\u00a0\u00a0\u00a0\u00a0\u00a0\u00a0 Durante a tarde de ter\u00e7a-feira, 14, foi realizada uma capacita\u00e7\u00e3o aos participantes objetivando intensificar ainda mais as a\u00e7\u00f5es no combate ao vicio de fumar que \u00e9 tratado como doen\u00e7a. A capacita\u00e7\u00e3o foi organizada pelos profissionais Carlos Matheis, terapeuta ocupacional da FUMSSAR e pela assistente social Marcia Quinsani.<br \/>\n\u00a0\u00a0\u00a0\u00a0\u00a0\u00a0\u00a0\u00a0\u00a0\u00a0 A diretora da Aten\u00e7\u00e3o Prim\u00e1ria em Sa\u00fade, Elisiane Bisognin destacou a import\u00e2ncia do evento que ir\u00e1 refor\u00e7ar ainda mais as a\u00e7\u00f5es que s\u00e3o realizadas pela rede no combate ao fumo. O presidente D\u00e9lcio Stefan reafirmou que as a\u00e7\u00f5es de combate ao uso de tabaco v\u00eam refor\u00e7ar ainda mais o compromisso que a Funda\u00e7\u00e3o tem na preven\u00e7\u00e3o da sa\u00fade da popula\u00e7\u00e3o.<\/p>\n<p>\u00a0<a href=\"http:\/\/www.fumssar.com.br\/wp-content\/uploads\/2016\/06\/tabagismo.jpg\"><img loading=\"lazy\" decoding=\"async\" class=\"alignnone size-medium wp-image-7795\" alt=\"tabagismo\" src=\"http:\/\/www.fumssar.com.br\/wp-content\/uploads\/2016\/06\/tabagismo-300x199.jpg\" width=\"300\" height=\"199\" srcset=\"https:\/\/www.fumssar.com.br\/wp-content\/uploads\/2016\/06\/tabagismo-300x199.jpg 300w, https:\/\/www.fumssar.com.br\/wp-content\/uploads\/2016\/06\/tabagismo.jpg 800w\" sizes=\"(max-width: 300px) 100vw, 300px\" \/><\/a><\/p>\n","protected":false},"excerpt":{"rendered":"<p>\u00a0\u00a0\u00a0\u00a0\u00a0\u00a0\u00a0 Intensificar ainda mais as a\u00e7\u00f5es de combate ao tabagismo \u00a0\u00e9 o objetivo do atual&#8230;<\/p>\n","protected":false},"author":11,"featured_media":7794,"comment_status":"open","ping_status":"open","sticky":false,"template":"","format":"standard","meta":{"footnotes":""},"categories":[2],"tags":[],"_links":{"self":[{"href":"https:\/\/www.fumssar.com.br\/index.php?rest_route=\/wp\/v2\/posts\/7793"}],"collection":[{"href":"https:\/\/www.fumssar.com.br\/index.php?rest_route=\/wp\/v2\/posts"}],"about":[{"href":"https:\/\/www.fumssar.com.br\/index.php?rest_route=\/wp\/v2\/types\/post"}],"author":[{"embeddable":true,"href":"https:\/\/www.fumssar.com.br\/index.php?rest_route=\/wp\/v2\/users\/11"}],"replies":[{"embeddable":true,"href":"https:\/\/www.fumssar.com.br\/index.php?rest_route=%2Fwp%2Fv2%2Fcomments&post=7793"}],"version-history":[{"count":1,"href":"https:\/\/www.fumssar.com.br\/index.php?rest_route=\/wp\/v2\/posts\/7793\/revisions"}],"predecessor-version":[{"id":7796,"href":"https:\/\/www.fumssar.com.br\/index.php?rest_route=\/wp\/v2\/posts\/7793\/revisions\/7796"}],"wp:featuredmedia":[{"embeddable":true,"href":"https:\/\/www.fumssar.com.br\/index.php?rest_route=\/wp\/v2\/media\/7794"}],"wp:attachment":[{"href":"https:\/\/www.fumssar.com.br\/index.php?rest_route=%2Fwp%2Fv2%2Fmedia&parent=7793"}],"wp:term":[{"taxonomy":"category","embeddable":true,"href":"https:\/\/www.fumssar.com.br\/index.php?rest_route=%2Fwp%2Fv2%2Fcategories&post=7793"},{"taxonomy":"post_tag","embeddable":true,"href":"https:\/\/www.fumssar.com.br\/index.php?rest_route=%2Fwp%2Fv2%2Ftags&post=7793"}],"curies":[{"name":"wp","href":"https:\/\/api.w.org\/{rel}","templated":true}]}}