{"id":7789,"date":"2016-06-15T16:56:57","date_gmt":"2016-06-15T19:56:57","guid":{"rendered":"http:\/\/www.fumssar.com.br\/?p=7789"},"modified":"2024-10-07T16:35:31","modified_gmt":"2024-10-07T19:35:31","slug":"dia-mundial-do-doador-de-sangue-foi-vivenciado-pelo-hemocentro-de-santa-rosa","status":"publish","type":"post","link":"https:\/\/www.fumssar.com.br\/?p=7789","title":{"rendered":"Dia Mundial do Doador de Sangue foi vivenciado pelo HEMOCENTRO de Santa Rosa"},"content":{"rendered":"<p>\u00a0\u00a0\u00a0\u00a0\u00a0\u00a0\u00a0\u00a0\u00a0\u00a0\u00a0\u00a0\u00a0\u00a0\u00a0 A equipe do HEMOCENTRO Regional de Santa Rosa modificou a rotina de trabalho no \u201cDia Mundial do Doador de Sangue\u201d para vivenciar a data com os doadores. Para marcar a data os servidores ofereceram al\u00e9m do atendimento, um lanche diferenciado aos doadores e tamb\u00e9m prestaram esclarecimentos sobre a import\u00e2ncia\u00a0\u00a0\u00a0 da\u00a0\u00a0\u00a0\u00a0\u00a0\u00a0\u00a0 doa\u00e7\u00e3o.<br \/>\n\u00a0\u00a0\u00a0\u00a0\u00a0\u00a0\u00a0\u00a0\u00a0\u00a0\u00a0\u00a0\u00a0\u00a0\u00a0 No in\u00edcio dos trabalhos na parte da manh\u00e3, o Vice-prefeito do munic\u00edpio, Dr. Lu\u00eds Ant\u00f4nio Benvegn\u00fa, acompanhado do presidente da Funda\u00e7\u00e3o Municipal de Sa\u00fade, D\u00e9lcio Stefan e demais servidores compareceram no HEMOCENTRO para prestigiar a data bem como efetuarem suas do\u00e7\u00f5es. D\u00e9lcio Stefan destacou o trabalho dedicado que a equipe realiza, e bom relacionamento que mant\u00e9m com\u00a0\u00a0\u00a0\u00a0\u00a0\u00a0\u00a0 os\u00a0\u00a0\u00a0\u00a0\u00a0\u00a0\u00a0\u00a0\u00a0\u00a0\u00a0 doadores.<br \/>\n\u00a0\u00a0\u00a0\u00a0\u00a0\u00a0\u00a0\u00a0\u00a0\u00a0\u00a0\u00a0\u00a0\u00a0\u00a0\u00a0 O Vice-prefeito Dr. Benvegn\u00fa fez um relato da implanta\u00e7\u00e3o do HEMOCENTRO em Santa Rosa no ano de 1998, e que aos poucos o trabalho foi intensificado gra\u00e7as ao empenho das pessoas envolvidas com a causa. Benvegn\u00fa ressaltou ainda a organiza\u00e7\u00e3o dos trabalhos da equipe e dos investimentos realizados primando sempre pela qualidade e efici\u00eancia. Ele destacou ainda que o pr\u00e9dio que est\u00e1 em fase final de reformas, vem qualificar ainda mais os servi\u00e7os, gra\u00e7as aos esfor\u00e7os do governo municipal na capta\u00e7\u00e3o de recursos para a realiza\u00e7\u00e3o das obras. \u201cParabenizamos nossa equipe que \u00e9 qualificada na presta\u00e7\u00e3o dos servi\u00e7os, e temos que valorizar tamb\u00e9m nossos doadores, portanto estamos oferecendo um ambiente ainda mais acolhedor qualificando ainda mais \u00a0o trabalho\u201d frisou Benvegn\u00fa.<br \/>\n\u00a0\u00a0\u00a0\u00a0\u00a0\u00a0\u00a0 Dentre as dezenas de doadores que compareceram no HEMOCENTRO, destaca-se a doadora Karina Caliari, 53 anos, banc\u00e1ria que h\u00e1 33 anos doa sangue de forma volunt\u00e1ria regularmente. Ela justifica que doar sangue \u00e9 como se fosse o ar que ela respira no mundo. Karina destaca ainda que h\u00e1 15 anos fez teste para a doa\u00e7\u00e3o de medula e que seu maior sonho encontrar um receptor compat\u00edvel com ela. \u201cMeu maior sonho \u00e9 ainda encontrar algu\u00e9m em qualquer canto do mundo que possa receber a minha doa\u00e7\u00e3o de medula\u201d finalizou a doadora.<br \/>\n\u00a0\u00a0\u00a0\u00a0\u00a0\u00a0\u00a0\u00a0\u00a0 No final do dia a gerente do HEMOCENTRO Josiane Aquino avaliou como muito positiva a comemora\u00e7\u00e3o da data, pois dezenas de pessoas compareceram para doa\u00e7\u00f5es. Para ela, muitos doadores fidelizados e outros que entenderam a import\u00e2ncia do ato de doar sangue.<\/p>\n<p>&nbsp;<\/p>\n<p><a href=\"http:\/\/www.fumssar.com.br\/wp-content\/uploads\/2016\/06\/dia-do-doador-2.jpg\"><img loading=\"lazy\" decoding=\"async\" class=\"alignnone size-medium wp-image-7791\" alt=\"dia do doador 2\" src=\"http:\/\/www.fumssar.com.br\/wp-content\/uploads\/2016\/06\/dia-do-doador-2-300x199.jpg\" width=\"300\" height=\"199\" srcset=\"https:\/\/www.fumssar.com.br\/wp-content\/uploads\/2016\/06\/dia-do-doador-2-300x199.jpg 300w, https:\/\/www.fumssar.com.br\/wp-content\/uploads\/2016\/06\/dia-do-doador-2.jpg 800w\" sizes=\"(max-width: 300px) 100vw, 300px\" \/><\/a><\/p>\n<p>&nbsp;<\/p>\n","protected":false},"excerpt":{"rendered":"<p>\u00a0\u00a0\u00a0\u00a0\u00a0\u00a0\u00a0\u00a0\u00a0\u00a0\u00a0\u00a0\u00a0\u00a0\u00a0 A equipe do HEMOCENTRO Regional de Santa Rosa modificou a rotina de trabalho no&#8230;<\/p>\n","protected":false},"author":11,"featured_media":7790,"comment_status":"open","ping_status":"open","sticky":false,"template":"","format":"standard","meta":{"footnotes":""},"categories":[2],"tags":[],"_links":{"self":[{"href":"https:\/\/www.fumssar.com.br\/index.php?rest_route=\/wp\/v2\/posts\/7789"}],"collection":[{"href":"https:\/\/www.fumssar.com.br\/index.php?rest_route=\/wp\/v2\/posts"}],"about":[{"href":"https:\/\/www.fumssar.com.br\/index.php?rest_route=\/wp\/v2\/types\/post"}],"author":[{"embeddable":true,"href":"https:\/\/www.fumssar.com.br\/index.php?rest_route=\/wp\/v2\/users\/11"}],"replies":[{"embeddable":true,"href":"https:\/\/www.fumssar.com.br\/index.php?rest_route=%2Fwp%2Fv2%2Fcomments&post=7789"}],"version-history":[{"count":1,"href":"https:\/\/www.fumssar.com.br\/index.php?rest_route=\/wp\/v2\/posts\/7789\/revisions"}],"predecessor-version":[{"id":7792,"href":"https:\/\/www.fumssar.com.br\/index.php?rest_route=\/wp\/v2\/posts\/7789\/revisions\/7792"}],"wp:featuredmedia":[{"embeddable":true,"href":"https:\/\/www.fumssar.com.br\/index.php?rest_route=\/wp\/v2\/media\/7790"}],"wp:attachment":[{"href":"https:\/\/www.fumssar.com.br\/index.php?rest_route=%2Fwp%2Fv2%2Fmedia&parent=7789"}],"wp:term":[{"taxonomy":"category","embeddable":true,"href":"https:\/\/www.fumssar.com.br\/index.php?rest_route=%2Fwp%2Fv2%2Fcategories&post=7789"},{"taxonomy":"post_tag","embeddable":true,"href":"https:\/\/www.fumssar.com.br\/index.php?rest_route=%2Fwp%2Fv2%2Ftags&post=7789"}],"curies":[{"name":"wp","href":"https:\/\/api.w.org\/{rel}","templated":true}]}}