{"id":7771,"date":"2016-06-10T15:56:58","date_gmt":"2016-06-10T18:56:58","guid":{"rendered":"http:\/\/www.fumssar.com.br\/?p=7771"},"modified":"2024-10-07T16:35:32","modified_gmt":"2024-10-07T19:35:32","slug":"cer-recebeu-visita-de-integrante-da-secretaria-da-saude","status":"publish","type":"post","link":"https:\/\/www.fumssar.com.br\/?p=7771","title":{"rendered":"CER recebeu visita de integrante da Secretaria da Sa\u00fade"},"content":{"rendered":"<p>O Centro Especializado em Reabilita\u00e7\u00e3o (CER), \u00f3rg\u00e3o administrado pela FUMSSAR, conquistado pela atual administra\u00e7\u00e3o, recebeu no dia 08\/06, a visita de Cibele Gabineski do Departamento de Assist\u00eancia Hospitalar e Ambulatorial (DAHA), da Secretaria Estadual da Sa\u00fade(SES), que tamb\u00e9m \u00e9 integrante da equipe de Sa\u00fade da Pessoa com Defici\u00eancia (PcD), \u00f3rg\u00e3o respons\u00e1vel pela reabilita\u00e7\u00e3o intelectual. A visita \u00a0teve a participa\u00e7\u00e3o \u00a0\u00a0de membros da equipe da 14\u00aa CRS que atua na Pol\u00edtica de Sa\u00fade da PcD. No encontro foram realizadas avalia\u00e7\u00f5es\u00a0 de \u00a0composi\u00e7\u00e3o da equipe m\u00ednima, processos de trabalho e outros pontos relacionados ao trabalho di\u00e1rio e dos usu\u00e1rios dos servi\u00e7os ofertados.<\/p>\n<p>Dentre outros, o tema de maior interesse\u00a0 foi a estimula\u00e7\u00e3o precoce, pois atualmente em fun\u00e7\u00e3o do surto de ZiKa v\u00edrus e as ocorr\u00eancias de microcefalia no pa\u00eds, esta sendo\u00a0\u00a0 avaliado\u00a0 a organiza\u00e7\u00e3o da rede de aten\u00e7\u00e3o \u00e0s crian\u00e7as nascidas com este achado cl\u00ednico, principalmente no que diz respeito a estrutura f\u00edsica e recursos humanos capacitados.<\/p>\n<p>Avaliando o encontro a equipe destaca que a \u00a0visita foi muito produtiva tendo em vista que o CER est\u00e1 h\u00e1 cerca de \u00a0um ano em funcionamento, sendo muito importante este espa\u00e7o para reflex\u00f5es sobre a forma de atua\u00e7\u00e3o. Obst\u00e1culos \u00a0e desafios. Deste modo, busca-se garantir o acesso e a integralidade do cuidado dos\u00a0 usu\u00e1rios que necessitam de reabilita\u00e7\u00e3o auditiva e intelectual.<\/p>\n","protected":false},"excerpt":{"rendered":"<p>O Centro Especializado em Reabilita\u00e7\u00e3o (CER), \u00f3rg\u00e3o administrado pela FUMSSAR, conquistado pela atual administra\u00e7\u00e3o, recebeu&#8230;<\/p>\n","protected":false},"author":11,"featured_media":7772,"comment_status":"open","ping_status":"open","sticky":false,"template":"","format":"standard","meta":{"footnotes":""},"categories":[2],"tags":[],"_links":{"self":[{"href":"https:\/\/www.fumssar.com.br\/index.php?rest_route=\/wp\/v2\/posts\/7771"}],"collection":[{"href":"https:\/\/www.fumssar.com.br\/index.php?rest_route=\/wp\/v2\/posts"}],"about":[{"href":"https:\/\/www.fumssar.com.br\/index.php?rest_route=\/wp\/v2\/types\/post"}],"author":[{"embeddable":true,"href":"https:\/\/www.fumssar.com.br\/index.php?rest_route=\/wp\/v2\/users\/11"}],"replies":[{"embeddable":true,"href":"https:\/\/www.fumssar.com.br\/index.php?rest_route=%2Fwp%2Fv2%2Fcomments&post=7771"}],"version-history":[{"count":1,"href":"https:\/\/www.fumssar.com.br\/index.php?rest_route=\/wp\/v2\/posts\/7771\/revisions"}],"predecessor-version":[{"id":7773,"href":"https:\/\/www.fumssar.com.br\/index.php?rest_route=\/wp\/v2\/posts\/7771\/revisions\/7773"}],"wp:featuredmedia":[{"embeddable":true,"href":"https:\/\/www.fumssar.com.br\/index.php?rest_route=\/wp\/v2\/media\/7772"}],"wp:attachment":[{"href":"https:\/\/www.fumssar.com.br\/index.php?rest_route=%2Fwp%2Fv2%2Fmedia&parent=7771"}],"wp:term":[{"taxonomy":"category","embeddable":true,"href":"https:\/\/www.fumssar.com.br\/index.php?rest_route=%2Fwp%2Fv2%2Fcategories&post=7771"},{"taxonomy":"post_tag","embeddable":true,"href":"https:\/\/www.fumssar.com.br\/index.php?rest_route=%2Fwp%2Fv2%2Ftags&post=7771"}],"curies":[{"name":"wp","href":"https:\/\/api.w.org\/{rel}","templated":true}]}}