{"id":7760,"date":"2016-06-09T14:45:35","date_gmt":"2016-06-09T17:45:35","guid":{"rendered":"http:\/\/www.fumssar.com.br\/?p=7760"},"modified":"2024-10-07T16:35:32","modified_gmt":"2024-10-07T19:35:32","slug":"empossada-a-nova-diretoria-do-conselho-municipal-de-saude","status":"publish","type":"post","link":"https:\/\/www.fumssar.com.br\/?p=7760","title":{"rendered":"Empossada a Nova Diretoria do Conselho Municipal de Sa\u00fade"},"content":{"rendered":"<p style=\"text-align: left\" align=\"center\">Eleita em reuni\u00e3o realizada no m\u00eas passado, foi empossada na noite desta quarta-feira, 08, a nova Mesa Diretora do Conselho Municipal de Sa\u00fade de Santa Rosa (CMS). A nova diretoria ficou assim constitu\u00edda: Jos\u00e9 Leocrides Martins, presidente, Ant\u00f4nio Vilson Pereira, vice-presidente, Cl\u00e1udio Souto, secret\u00e1rio e Elisiane Bisognin, coordenadora\u00a0\u00a0\u00a0\u00a0\u00a0\u00a0\u00a0\u00a0 de\u00a0\u00a0\u00a0\u00a0\u00a0\u00a0\u00a0 mesa.<br \/>\nCorn\u00e9lio Alves dos Santos, presidente que deixou o cargo, ao dar posse aos novos membros da mesa, agradeceu a confian\u00e7a e participa\u00e7\u00e3o dos demais conselheiros na sua gest\u00e3o, colocando-se \u00e0 disposi\u00e7\u00e3o para continuar contribuindo nos trabalhos.<br \/>\nO novo presidente Jos\u00e9 Leocrides Martins agradeceu presen\u00e7a maci\u00e7a dos conselheiros numa noite fria, ressaltando que a nova diretoria quer manter a harmonia entre as entidades, prestadores e gestores. Jos\u00e9 disse que coragem \u00e9 o que n\u00e3o falta aos membros para desempenharem com determina\u00e7\u00e3o suas fun\u00e7\u00f5es.<br \/>\nRepresentando no ato de posse o governo municipal o Vice-prefeito Dr. Lu\u00eds Ant\u00f4nio Benvegn\u00fa frisou que o CMS sempre foi muito atuante, participativo na constru\u00e7\u00e3o do Sistema \u00danico de Sa\u00fade em Santa Rosa. Benvegn\u00fa disse que o conselho tem a vontade de fazer, e que o sus n\u00e3o foi um presente que caiu do c\u00e9u, o sistema tinha que ser diferente, quando a Constitui\u00e7\u00e3o Federal aprovou a cria\u00e7\u00e3o dos conselhos como ferramenta de participa\u00e7\u00e3o popular. Ele garantiu ainda que a atual gest\u00e3o dar\u00e1 sempre o melhor apoio para que os conselheiros possam ter elementos para a sua atua\u00e7\u00e3o, lembrando que o governo municipal vem garantindo 18 % do or\u00e7amento de recursos na sa\u00fade,percentual acima dos 15% previstos na CF. O Vice \u2013prefeito parabenizou os novos membros da mesa desejando muito \u00eaxito na realiza\u00e7\u00e3o dos trabalhos pela sa\u00fade da popula\u00e7\u00e3o. \u201c Quero em meu nome e do prefeito Vicini desejar uma excelente caminhada a este grupo que voluntariamente dedicam-se em prol de uma sa\u00fade de qualidade de nossa popula\u00e7\u00e3o\u201d finalizou.<br \/>\nAp\u00f3s o ato de posse, os conselheiros confraternizaram com um coquetel e logo ap\u00f3s nova reuni\u00e3o foi realizada presidida por Jos\u00e9 Leocrides Martins.<\/p>\n<p style=\"text-align: left\" align=\"center\"><a href=\"http:\/\/www.fumssar.com.br\/wp-content\/uploads\/2016\/06\/posse-conselho-2.jpg\"><img loading=\"lazy\" decoding=\"async\" class=\"alignnone size-medium wp-image-7762\" alt=\"posse conselho 2\" src=\"http:\/\/www.fumssar.com.br\/wp-content\/uploads\/2016\/06\/posse-conselho-2-300x199.jpg\" width=\"300\" height=\"199\" srcset=\"https:\/\/www.fumssar.com.br\/wp-content\/uploads\/2016\/06\/posse-conselho-2-300x199.jpg 300w, https:\/\/www.fumssar.com.br\/wp-content\/uploads\/2016\/06\/posse-conselho-2.jpg 800w\" sizes=\"(max-width: 300px) 100vw, 300px\" \/><\/a><\/p>\n","protected":false},"excerpt":{"rendered":"<p>Eleita em reuni\u00e3o realizada no m\u00eas passado, foi empossada na noite desta quarta-feira, 08, a&#8230;<\/p>\n","protected":false},"author":11,"featured_media":7761,"comment_status":"open","ping_status":"open","sticky":false,"template":"","format":"standard","meta":{"footnotes":""},"categories":[2],"tags":[],"_links":{"self":[{"href":"https:\/\/www.fumssar.com.br\/index.php?rest_route=\/wp\/v2\/posts\/7760"}],"collection":[{"href":"https:\/\/www.fumssar.com.br\/index.php?rest_route=\/wp\/v2\/posts"}],"about":[{"href":"https:\/\/www.fumssar.com.br\/index.php?rest_route=\/wp\/v2\/types\/post"}],"author":[{"embeddable":true,"href":"https:\/\/www.fumssar.com.br\/index.php?rest_route=\/wp\/v2\/users\/11"}],"replies":[{"embeddable":true,"href":"https:\/\/www.fumssar.com.br\/index.php?rest_route=%2Fwp%2Fv2%2Fcomments&post=7760"}],"version-history":[{"count":1,"href":"https:\/\/www.fumssar.com.br\/index.php?rest_route=\/wp\/v2\/posts\/7760\/revisions"}],"predecessor-version":[{"id":7763,"href":"https:\/\/www.fumssar.com.br\/index.php?rest_route=\/wp\/v2\/posts\/7760\/revisions\/7763"}],"wp:featuredmedia":[{"embeddable":true,"href":"https:\/\/www.fumssar.com.br\/index.php?rest_route=\/wp\/v2\/media\/7761"}],"wp:attachment":[{"href":"https:\/\/www.fumssar.com.br\/index.php?rest_route=%2Fwp%2Fv2%2Fmedia&parent=7760"}],"wp:term":[{"taxonomy":"category","embeddable":true,"href":"https:\/\/www.fumssar.com.br\/index.php?rest_route=%2Fwp%2Fv2%2Fcategories&post=7760"},{"taxonomy":"post_tag","embeddable":true,"href":"https:\/\/www.fumssar.com.br\/index.php?rest_route=%2Fwp%2Fv2%2Ftags&post=7760"}],"curies":[{"name":"wp","href":"https:\/\/api.w.org\/{rel}","templated":true}]}}