{"id":7744,"date":"2016-06-03T17:19:38","date_gmt":"2016-06-03T20:19:38","guid":{"rendered":"http:\/\/www.fumssar.com.br\/?p=7744"},"modified":"2024-10-07T16:35:32","modified_gmt":"2024-10-07T19:35:32","slug":"trabalho-dos-agentes-comunitarios-de-saude-no-combate-ao-mosquito-aedes-aegypti-foi-avaliado-pela-14a-crs","status":"publish","type":"post","link":"https:\/\/www.fumssar.com.br\/?p=7744","title":{"rendered":"Trabalho dos Agentes Comunit\u00e1rios de Sa\u00fade no combate ao  mosquito Aedes aegypti foi avaliado pela 14\u00aa CRS"},"content":{"rendered":"<p>A integra\u00e7\u00e3o das a\u00e7\u00f5es de controle\u00a0 e combate \u00e0 dengue na aten\u00e7\u00e3o b\u00e1sica, com a mobiliza\u00e7\u00e3o dos Agentes Comunit\u00e1rios de Sa\u00fade (ACS) s\u00e3o essenciais para a promo\u00e7\u00e3o de mudan\u00e7as de comportamento da popula\u00e7\u00e3o.<\/p>\n<p>O trabalho de combate ao mosquito <i>Aedes aegypti<\/i> realizado pelos Agentes Comunit\u00e1rios de Sa\u00fade foi considerado bom, em avalia\u00e7\u00e3o realizada pela 14<sup>a<\/sup> CRS. A supervis\u00e3o direta da inspe\u00e7\u00e3o de im\u00f3veis feita pelos agentes comunit\u00e1rios de sa\u00fade englobou todas as unidades de sa\u00fade do munic\u00edpio, e foi feita na primeira e segunda semana do m\u00eas de maio. A avalia\u00e7\u00e3o contemplou desde a maneira de execu\u00e7\u00e3o do trabalho nos im\u00f3veis, at\u00e9 a apresenta\u00e7\u00e3o do agente e seus equipamentos de trabalho di\u00e1rio.<\/p>\n<p>Greici Ribeiro, Gerente de Vigil\u00e2ncia em Sa\u00fade do munic\u00edpio destaca que esta avalia\u00e7\u00e3o positiva, e com o apoio recebido das unidades de sa\u00fade e dos agentes comunit\u00e1rios, nas suas atividades de controle de focos atrav\u00e9s da inspe\u00e7\u00e3o, notifica\u00e7\u00e3o e autua\u00e7\u00e3o, \u00e9 imprescind\u00edvel no combate ao vetor.\u00a0 A gerente ressalta ainda que, o contato permanente dos agentes comunit\u00e1rios de sa\u00fade com a comunidade onde trabalham, leva ao resultado de envolvimento da popula\u00e7\u00e3o nas a\u00e7\u00f5es di\u00e1rias de combate ao mosquito <i>Aedes aegypti<\/i>.<\/p>\n<p>O presidente da FUMSSAR D\u00e9lcio Stefan, disse que a todas as atividades realizadas pelos agentes de endemias e com o refor\u00e7o dos agentes comunit\u00e1rios de sa\u00fade e com\u00a0 o refor\u00e7o\u00a0 \u00a0de militares desencadeou uma for\u00e7a positiva no combate ao mosquito. D\u00e9lcio lembrou ainda que a Coordena\u00e7\u00e3o Estadual de Aten\u00e7\u00e3o B\u00e1sica e o Centro Estadual de Vigil\u00e2ncia em Sa\u00fade informaram a continuidade das a\u00e7\u00f5es dos ACS 30 de junho de 2016.<\/p>\n","protected":false},"excerpt":{"rendered":"<p>A integra\u00e7\u00e3o das a\u00e7\u00f5es de controle\u00a0 e combate \u00e0 dengue na aten\u00e7\u00e3o b\u00e1sica, com a&#8230;<\/p>\n","protected":false},"author":11,"featured_media":6842,"comment_status":"open","ping_status":"open","sticky":false,"template":"","format":"standard","meta":{"footnotes":""},"categories":[2],"tags":[],"_links":{"self":[{"href":"https:\/\/www.fumssar.com.br\/index.php?rest_route=\/wp\/v2\/posts\/7744"}],"collection":[{"href":"https:\/\/www.fumssar.com.br\/index.php?rest_route=\/wp\/v2\/posts"}],"about":[{"href":"https:\/\/www.fumssar.com.br\/index.php?rest_route=\/wp\/v2\/types\/post"}],"author":[{"embeddable":true,"href":"https:\/\/www.fumssar.com.br\/index.php?rest_route=\/wp\/v2\/users\/11"}],"replies":[{"embeddable":true,"href":"https:\/\/www.fumssar.com.br\/index.php?rest_route=%2Fwp%2Fv2%2Fcomments&post=7744"}],"version-history":[{"count":1,"href":"https:\/\/www.fumssar.com.br\/index.php?rest_route=\/wp\/v2\/posts\/7744\/revisions"}],"predecessor-version":[{"id":7745,"href":"https:\/\/www.fumssar.com.br\/index.php?rest_route=\/wp\/v2\/posts\/7744\/revisions\/7745"}],"wp:featuredmedia":[{"embeddable":true,"href":"https:\/\/www.fumssar.com.br\/index.php?rest_route=\/wp\/v2\/media\/6842"}],"wp:attachment":[{"href":"https:\/\/www.fumssar.com.br\/index.php?rest_route=%2Fwp%2Fv2%2Fmedia&parent=7744"}],"wp:term":[{"taxonomy":"category","embeddable":true,"href":"https:\/\/www.fumssar.com.br\/index.php?rest_route=%2Fwp%2Fv2%2Fcategories&post=7744"},{"taxonomy":"post_tag","embeddable":true,"href":"https:\/\/www.fumssar.com.br\/index.php?rest_route=%2Fwp%2Fv2%2Ftags&post=7744"}],"curies":[{"name":"wp","href":"https:\/\/api.w.org\/{rel}","templated":true}]}}