{"id":7640,"date":"2016-05-25T15:40:11","date_gmt":"2016-05-25T18:40:11","guid":{"rendered":"http:\/\/www.fumssar.com.br\/?p=7640"},"modified":"2024-10-07T16:35:32","modified_gmt":"2024-10-07T19:35:32","slug":"cer-mantem-grupo-de-maes-com-autismo","status":"publish","type":"post","link":"https:\/\/www.fumssar.com.br\/?p=7640","title":{"rendered":"CER mant\u00e9m Grupo de M\u00e3es com Autismo"},"content":{"rendered":"<p>O Centro Especializado em Reabilita\u00e7\u00e3o Auditiva e Intelectual-CER mantido\u00a0 pelo governo municipal atrav\u00e9s da FUMSSAR, desde agosto de 2015, mant\u00e9m um\u00a0 Grupo de M\u00e3es de Crian\u00e7as com Autismo, com objetivo de dar apoio e orienta\u00e7\u00f5es \u00e0s m\u00e3es de crian\u00e7as com TEA (Transtorno do Espectro Autista) que encontram- se em acompanhamento no CER. As reuni\u00f5es do grupo\u00a0 s\u00e3o mensais sob a coordena\u00e7\u00e3o da Psic\u00f3loga Melissa Franke e Fonoaudi\u00f3loga Giane\u00a0 Rocha.<\/p>\n<p>No encontro de maio as m\u00e3es foram acolhidas com a din\u00e2mica desatando n\u00f3s e logo em seguida foram discutidos v\u00e1rios temas relacionados ao TEA \u2013 Transtorno do Espectro Autista, com orienta\u00e7\u00f5es e dicas de manejo al\u00e9m de trocas de experi\u00eancias, bem como a exibi\u00e7\u00e3o de um v\u00eddeo em homenagem ao Dia das M\u00e3es e entregue um mimo como lembran\u00e7a. O presidente da FUMSSAR,D\u00e9lcio Stefan acompanhou as atividades do grupo.<\/p>\n","protected":false},"excerpt":{"rendered":"<p>O Centro Especializado em Reabilita\u00e7\u00e3o Auditiva e Intelectual-CER mantido\u00a0 pelo governo municipal atrav\u00e9s da FUMSSAR,&#8230;<\/p>\n","protected":false},"author":11,"featured_media":7641,"comment_status":"open","ping_status":"open","sticky":false,"template":"","format":"standard","meta":{"footnotes":""},"categories":[2],"tags":[],"_links":{"self":[{"href":"https:\/\/www.fumssar.com.br\/index.php?rest_route=\/wp\/v2\/posts\/7640"}],"collection":[{"href":"https:\/\/www.fumssar.com.br\/index.php?rest_route=\/wp\/v2\/posts"}],"about":[{"href":"https:\/\/www.fumssar.com.br\/index.php?rest_route=\/wp\/v2\/types\/post"}],"author":[{"embeddable":true,"href":"https:\/\/www.fumssar.com.br\/index.php?rest_route=\/wp\/v2\/users\/11"}],"replies":[{"embeddable":true,"href":"https:\/\/www.fumssar.com.br\/index.php?rest_route=%2Fwp%2Fv2%2Fcomments&post=7640"}],"version-history":[{"count":1,"href":"https:\/\/www.fumssar.com.br\/index.php?rest_route=\/wp\/v2\/posts\/7640\/revisions"}],"predecessor-version":[{"id":7642,"href":"https:\/\/www.fumssar.com.br\/index.php?rest_route=\/wp\/v2\/posts\/7640\/revisions\/7642"}],"wp:featuredmedia":[{"embeddable":true,"href":"https:\/\/www.fumssar.com.br\/index.php?rest_route=\/wp\/v2\/media\/7641"}],"wp:attachment":[{"href":"https:\/\/www.fumssar.com.br\/index.php?rest_route=%2Fwp%2Fv2%2Fmedia&parent=7640"}],"wp:term":[{"taxonomy":"category","embeddable":true,"href":"https:\/\/www.fumssar.com.br\/index.php?rest_route=%2Fwp%2Fv2%2Fcategories&post=7640"},{"taxonomy":"post_tag","embeddable":true,"href":"https:\/\/www.fumssar.com.br\/index.php?rest_route=%2Fwp%2Fv2%2Ftags&post=7640"}],"curies":[{"name":"wp","href":"https:\/\/api.w.org\/{rel}","templated":true}]}}