{"id":7562,"date":"2016-05-19T17:12:11","date_gmt":"2016-05-19T20:12:11","guid":{"rendered":"http:\/\/www.fumssar.com.br\/?p=7562"},"modified":"2024-10-07T16:35:32","modified_gmt":"2024-10-07T19:35:32","slug":"servidores-da-fumssar-receberam-treinamento-sobre-fiscalizacao-de-contratos","status":"publish","type":"post","link":"https:\/\/www.fumssar.com.br\/?p=7562","title":{"rendered":"Servidores da FUMSSAR receberam treinamento sobre fiscaliza\u00e7\u00e3o de contratos"},"content":{"rendered":"<p>\u00a0\u00a0\u00a0\u00a0\u00a0\u00a0\u00a0\u00a0\u00a0\u00a0\u00a0\u00a0\u00a0\u00a0\u00a0 Servidores da Funda\u00e7\u00e3o Municipal de Sa\u00fade de Santa Rosa -FUMSSAR, receberam treinamento sobre fiscaliza\u00e7\u00e3o de contratos. O treinamento foi ministrado pela Unidade de Controle Interno da Prefeitura de Santa Rosa.<\/p>\n<p>\u00a0\u00a0\u00a0\u00a0\u00a0\u00a0\u00a0\u00a0\u00a0\u00a0\u00a0 Os servidores que participaram, s\u00e3o de setores diversos da FUMSSAR e foram nomeados para atuarem como fiscais dos contratos de fornecimentos diversos, obras, aquisi\u00e7\u00e3o de bens e tamb\u00e9m de presta\u00e7\u00e3o de servi\u00e7os.<\/p>\n<p>O chefe da Se\u00e7\u00e3o de Material e Patrim\u00f4nio da institui\u00e7\u00e3o, Aldair Melchior explicou que o objetivo foi de capacitar os fiscais para atuarem\u00a0 preparados na fiscaliza\u00e7\u00e3o dos diversos contratos firmados com empresas ou prestadores de servi\u00e7os. Segundo Melchior, este trabalho \u00e9 muito importante, pois visa a qualidade dos materiais adquiridos bem como a aplica\u00e7\u00e3o correta dos recursos. \u201cNo momento em que nomeamos e capacitamos os fiscais, estamos agindo de forma mais efetiva na busca de mat\u00e9rias e servi\u00e7os de boa qualidade\u201d frisou Melchior.<\/p>\n<p>\u00a0<a href=\"http:\/\/www.fumssar.com.br\/wp-content\/uploads\/2016\/05\/treinamento-2.jpg\"><img loading=\"lazy\" decoding=\"async\" class=\"alignnone size-medium wp-image-7569\" alt=\"treinamento 2\" src=\"http:\/\/www.fumssar.com.br\/wp-content\/uploads\/2016\/05\/treinamento-2-300x185.jpg\" width=\"300\" height=\"185\" srcset=\"https:\/\/www.fumssar.com.br\/wp-content\/uploads\/2016\/05\/treinamento-2-300x185.jpg 300w, https:\/\/www.fumssar.com.br\/wp-content\/uploads\/2016\/05\/treinamento-2.jpg 713w\" sizes=\"(max-width: 300px) 100vw, 300px\" \/><\/a><\/p>\n","protected":false},"excerpt":{"rendered":"<p>\u00a0\u00a0\u00a0\u00a0\u00a0\u00a0\u00a0\u00a0\u00a0\u00a0\u00a0\u00a0\u00a0\u00a0\u00a0 Servidores da Funda\u00e7\u00e3o Municipal de Sa\u00fade de Santa Rosa -FUMSSAR, receberam treinamento sobre fiscaliza\u00e7\u00e3o&#8230;<\/p>\n","protected":false},"author":11,"featured_media":7566,"comment_status":"open","ping_status":"open","sticky":false,"template":"","format":"standard","meta":{"footnotes":""},"categories":[2],"tags":[],"_links":{"self":[{"href":"https:\/\/www.fumssar.com.br\/index.php?rest_route=\/wp\/v2\/posts\/7562"}],"collection":[{"href":"https:\/\/www.fumssar.com.br\/index.php?rest_route=\/wp\/v2\/posts"}],"about":[{"href":"https:\/\/www.fumssar.com.br\/index.php?rest_route=\/wp\/v2\/types\/post"}],"author":[{"embeddable":true,"href":"https:\/\/www.fumssar.com.br\/index.php?rest_route=\/wp\/v2\/users\/11"}],"replies":[{"embeddable":true,"href":"https:\/\/www.fumssar.com.br\/index.php?rest_route=%2Fwp%2Fv2%2Fcomments&post=7562"}],"version-history":[{"count":2,"href":"https:\/\/www.fumssar.com.br\/index.php?rest_route=\/wp\/v2\/posts\/7562\/revisions"}],"predecessor-version":[{"id":7572,"href":"https:\/\/www.fumssar.com.br\/index.php?rest_route=\/wp\/v2\/posts\/7562\/revisions\/7572"}],"wp:featuredmedia":[{"embeddable":true,"href":"https:\/\/www.fumssar.com.br\/index.php?rest_route=\/wp\/v2\/media\/7566"}],"wp:attachment":[{"href":"https:\/\/www.fumssar.com.br\/index.php?rest_route=%2Fwp%2Fv2%2Fmedia&parent=7562"}],"wp:term":[{"taxonomy":"category","embeddable":true,"href":"https:\/\/www.fumssar.com.br\/index.php?rest_route=%2Fwp%2Fv2%2Fcategories&post=7562"},{"taxonomy":"post_tag","embeddable":true,"href":"https:\/\/www.fumssar.com.br\/index.php?rest_route=%2Fwp%2Fv2%2Ftags&post=7562"}],"curies":[{"name":"wp","href":"https:\/\/api.w.org\/{rel}","templated":true}]}}