{"id":7294,"date":"2016-05-17T16:59:53","date_gmt":"2016-05-17T19:59:53","guid":{"rendered":"http:\/\/www.fumssar.com.br\/?p=7294"},"modified":"2024-10-07T16:35:32","modified_gmt":"2024-10-07T19:35:32","slug":"assinada-a-ordem-de-inicio-da-obra-de-reforma-e-ampliacao-do-posto-de-candeia","status":"publish","type":"post","link":"https:\/\/www.fumssar.com.br\/?p=7294","title":{"rendered":"Assinada a ordem de in\u00edcio da obra de reforma e amplia\u00e7\u00e3o do Posto de Candeia"},"content":{"rendered":"<p>O Governo Municipal inicia mais uma obra na \u00e1rea da sa\u00fade em Santa Rosa. Uma reivindica\u00e7\u00e3o antiga dos usu\u00e1rios era reforma do \u00a0posto de sa\u00fade da localidade de Candeia, \u00a0que torna-se realidade com assinatura da ordem de in\u00edcio da obra realizada na manh\u00e3 de ter\u00e7a-feira, 17, nas depend\u00eancias da Funda\u00e7\u00e3o Municipal de Sa\u00fade-FUMSSAR.<\/p>\n<p>\u00a0\u00a0\u00a0\u00a0\u00a0\u00a0\u00a0\u00a0\u00a0\u00a0\u00a0 Ser\u00e3o investidos cerca de R$ 100 mil na obra que ter\u00e1 131 m\u00b2, que ser\u00e1 executada pela construtora Souza. O presidente da FUMSSAR, D\u00e9lcio Stefan ressaltou os esfor\u00e7os m\u00fatuos da equipe envolvendo diversos profissionais tornando a obra vi\u00e1vel \u00e0 popula\u00e7\u00e3o. A diretora de aten\u00e7\u00e3o prim\u00e1ria Elisiane Bisognin destacou a import\u00e2ncia da obra para a \u00a0que dar\u00e1 mais funcionalidade para a equipe que atende, bem como para os usu\u00e1rios.<\/p>\n<p>\u00a0\u00a0\u00a0\u00a0\u00a0\u00a0\u00a0\u00a0\u00a0\u00a0\u00a0 O Vice-prefeito Dr. Lu\u00eds Ant\u00f4nio Benvegn\u00fa, fez um hist\u00f3rico da implanta\u00e7\u00e3o do posto naquela comunidade e das tratativas para a reforma e amplia\u00e7\u00e3o. Benvegn\u00fa destacou que houve muito empenho da FUMSSAR e das diretorias juntamente com a comunidade para que o projeto fosse concretizado.<\/p>\n<p>\u00a0\u00a0\u00a0\u00a0\u00a0\u00a0\u00a0\u00a0\u00a0\u00a0\u00a0 Em seu pronunciamento o prefeito Alcides Vicini enfatizou que no momento de crise, com todo os cuidados poss\u00edveis \u00e9 muito satisfat\u00f3rio ver seu governo viabilizando mais uma obra que ir\u00e1 beneficiar uma \u00e1rea de suma import\u00e2ncia que \u00e9 a sa\u00fade. Vicini lembrou ainda que a palavra acolhimento \u00e9 muito utilizada na Funda\u00e7\u00e3o, devido ao sistema recentemente implantado no atendimento dos postos, e esta palavra tamb\u00e9m quando se trata de obra vem contribuir em acolher melhor ainda os usu\u00e1rios\u00a0 nos diversos ambientes da rede.<\/p>\n<p>\u00a0\u00a0\u00a0\u00a0\u00a0\u00a0\u00a0\u00a0\u00a0\u00a0\u00a0 O presidente da Comunidade de Candeia Elemar Pisoni prestigiou o ato de assinatura que contou ainda com a participa\u00e7\u00e3o do diretor da empresa executora Nilson Souza, diretores da FUMSSAR e demais servidores.<\/p>\n","protected":false},"excerpt":{"rendered":"<p>O Governo Municipal inicia mais uma obra na \u00e1rea da sa\u00fade em Santa Rosa. Uma&#8230;<\/p>\n","protected":false},"author":11,"featured_media":7295,"comment_status":"open","ping_status":"open","sticky":false,"template":"","format":"standard","meta":{"footnotes":""},"categories":[2],"tags":[],"_links":{"self":[{"href":"https:\/\/www.fumssar.com.br\/index.php?rest_route=\/wp\/v2\/posts\/7294"}],"collection":[{"href":"https:\/\/www.fumssar.com.br\/index.php?rest_route=\/wp\/v2\/posts"}],"about":[{"href":"https:\/\/www.fumssar.com.br\/index.php?rest_route=\/wp\/v2\/types\/post"}],"author":[{"embeddable":true,"href":"https:\/\/www.fumssar.com.br\/index.php?rest_route=\/wp\/v2\/users\/11"}],"replies":[{"embeddable":true,"href":"https:\/\/www.fumssar.com.br\/index.php?rest_route=%2Fwp%2Fv2%2Fcomments&post=7294"}],"version-history":[{"count":1,"href":"https:\/\/www.fumssar.com.br\/index.php?rest_route=\/wp\/v2\/posts\/7294\/revisions"}],"predecessor-version":[{"id":7296,"href":"https:\/\/www.fumssar.com.br\/index.php?rest_route=\/wp\/v2\/posts\/7294\/revisions\/7296"}],"wp:featuredmedia":[{"embeddable":true,"href":"https:\/\/www.fumssar.com.br\/index.php?rest_route=\/wp\/v2\/media\/7295"}],"wp:attachment":[{"href":"https:\/\/www.fumssar.com.br\/index.php?rest_route=%2Fwp%2Fv2%2Fmedia&parent=7294"}],"wp:term":[{"taxonomy":"category","embeddable":true,"href":"https:\/\/www.fumssar.com.br\/index.php?rest_route=%2Fwp%2Fv2%2Fcategories&post=7294"},{"taxonomy":"post_tag","embeddable":true,"href":"https:\/\/www.fumssar.com.br\/index.php?rest_route=%2Fwp%2Fv2%2Ftags&post=7294"}],"curies":[{"name":"wp","href":"https:\/\/api.w.org\/{rel}","templated":true}]}}