{"id":7008,"date":"2016-04-28T09:42:28","date_gmt":"2016-04-28T12:42:28","guid":{"rendered":"http:\/\/www.fumssar.com.br\/?p=7008"},"modified":"2024-10-07T16:35:33","modified_gmt":"2024-10-07T19:35:33","slug":"participantes-da-oficina-terapeutica-da-ubs-gloria-confeccionaram-capas-para-carteiras-de-saude-de-usuarios","status":"publish","type":"post","link":"https:\/\/www.fumssar.com.br\/?p=7008","title":{"rendered":"Participantes da oficina terap\u00eautica da UBS Gl\u00f3ria confeccionaram capas para carteiras de sa\u00fade de usu\u00e1rios"},"content":{"rendered":"<p>A oficina terap\u00eautica da unidade b\u00e1sica de sa\u00fade gl\u00f3ria, \u00a0realizou na tarde de, 27, a entrega de 50 capas para cadernetas de sa\u00fade da crian\u00e7a ao coordenador da UBS, Sr. Gilnei, e ao presidente da FUMSSAR, Sr. D\u00e9lcio Stefan. As capas para cadernetas de sa\u00fade da crian\u00e7a, Foram confeccionadas com feltro e tecidos pelas usu\u00e1rias da oficina terap\u00eautica para serem doadas \u00e0s m\u00e3es da UBS Gl\u00f3ria, objetivando a prote\u00e7\u00e3o e embelezamento do documento, que acompanha todos os passos o desenvolvimento e crescimento das crian\u00e7as.<br \/>\n\u00a0\u00a0\u00a0\u00a0\u00a0\u00a0\u00a0\u00a0\u00a0\u00a0\u00a0\u00a0 O grupo iniciou suas atividades no ano de 2012, e realiza encontros quinzenais nas quartas-feiras no per\u00edodo da tarde, e conta com a participa\u00e7\u00e3o m\u00e9dia de quinze usu\u00e1rias do territ\u00f3rio da UBS Gl\u00f3ria, al\u00e9m de agentes comunit\u00e1rias de sa\u00fade, psic\u00f3loga e terapeuta ocupacional. A psic\u00f3loga Fl\u00e1via Albuquerque explica que as oficinas em Sa\u00fade Mental s\u00e3o consideradas terap\u00eauticas, pois possibilitam aos usu\u00e1rios dos servi\u00e7os um lugar de fala, express\u00e3o e acolhimento. Al\u00e9m disso, avan\u00e7am no caminho da reabilita\u00e7\u00e3o, e t\u00eam se destacado por se constitu\u00edrem novas formas de acolhimento, de conviv\u00eancia e de media\u00e7\u00f5es do di\u00e1logo.<\/p>\n<p>\u00a0<a href=\"http:\/\/www.fumssar.com.br\/wp-content\/uploads\/2016\/04\/gloria-carteiras-2.jpg\"><img loading=\"lazy\" decoding=\"async\" class=\"alignnone size-medium wp-image-7011\" alt=\"gloria carteiras 2\" src=\"http:\/\/www.fumssar.com.br\/wp-content\/uploads\/2016\/04\/gloria-carteiras-2-300x199.jpg\" width=\"300\" height=\"199\" srcset=\"https:\/\/www.fumssar.com.br\/wp-content\/uploads\/2016\/04\/gloria-carteiras-2-300x199.jpg 300w, https:\/\/www.fumssar.com.br\/wp-content\/uploads\/2016\/04\/gloria-carteiras-2.jpg 800w\" sizes=\"(max-width: 300px) 100vw, 300px\" \/><\/a><\/p>\n","protected":false},"excerpt":{"rendered":"<p>A oficina terap\u00eautica da unidade b\u00e1sica de sa\u00fade gl\u00f3ria, \u00a0realizou na tarde de, 27, a&#8230;<\/p>\n","protected":false},"author":11,"featured_media":7009,"comment_status":"open","ping_status":"open","sticky":false,"template":"","format":"standard","meta":{"footnotes":""},"categories":[2],"tags":[],"_links":{"self":[{"href":"https:\/\/www.fumssar.com.br\/index.php?rest_route=\/wp\/v2\/posts\/7008"}],"collection":[{"href":"https:\/\/www.fumssar.com.br\/index.php?rest_route=\/wp\/v2\/posts"}],"about":[{"href":"https:\/\/www.fumssar.com.br\/index.php?rest_route=\/wp\/v2\/types\/post"}],"author":[{"embeddable":true,"href":"https:\/\/www.fumssar.com.br\/index.php?rest_route=\/wp\/v2\/users\/11"}],"replies":[{"embeddable":true,"href":"https:\/\/www.fumssar.com.br\/index.php?rest_route=%2Fwp%2Fv2%2Fcomments&post=7008"}],"version-history":[{"count":1,"href":"https:\/\/www.fumssar.com.br\/index.php?rest_route=\/wp\/v2\/posts\/7008\/revisions"}],"predecessor-version":[{"id":7012,"href":"https:\/\/www.fumssar.com.br\/index.php?rest_route=\/wp\/v2\/posts\/7008\/revisions\/7012"}],"wp:featuredmedia":[{"embeddable":true,"href":"https:\/\/www.fumssar.com.br\/index.php?rest_route=\/wp\/v2\/media\/7009"}],"wp:attachment":[{"href":"https:\/\/www.fumssar.com.br\/index.php?rest_route=%2Fwp%2Fv2%2Fmedia&parent=7008"}],"wp:term":[{"taxonomy":"category","embeddable":true,"href":"https:\/\/www.fumssar.com.br\/index.php?rest_route=%2Fwp%2Fv2%2Fcategories&post=7008"},{"taxonomy":"post_tag","embeddable":true,"href":"https:\/\/www.fumssar.com.br\/index.php?rest_route=%2Fwp%2Fv2%2Ftags&post=7008"}],"curies":[{"name":"wp","href":"https:\/\/api.w.org\/{rel}","templated":true}]}}