{"id":700,"date":"2014-02-01T10:20:36","date_gmt":"2014-02-01T10:20:36","guid":{"rendered":"http:\/\/www.fumssar.com.br\/?p=700"},"modified":"2014-02-03T10:34:47","modified_gmt":"2014-02-03T10:34:47","slug":"extrato-do-edital-de-selecao-publica-temporaria-no-0012014","status":"publish","type":"post","link":"https:\/\/www.fumssar.com.br\/?p=700","title":{"rendered":"EXTRATO DO EDITAL DE SELE\u00c7\u00c3O P\u00daBLICA TEMPOR\u00c1RIA N\u00ba 001\/2014"},"content":{"rendered":"<p><b>\u00a0<\/b><\/p>\n<p>&nbsp;<\/p>\n<div>\n<p align=\"center\"><b>FUNDA\u00c7\u00c3O MUNICIPAL DE SA\u00daDE DE SANTA ROSA \/RS<\/b><\/p>\n<\/div>\n<div>\n<p align=\"center\"><b><b>EXTRATO DO EDITAL DE SELE\u00c7\u00c3O P\u00daBLICA TEMPOR\u00c1RIA N\u00ba 001\/2014<\/b><\/b><\/p>\n<p>LUIS ANTONIO BENVEGNU, PRESIDENTE DA FUNDA\u00c7\u00c3O MUNICIPAL DE SA\u00daDE DE SANTA ROSA, Estado do Rio Grande do Sul, no uso de suas atribui\u00e7\u00f5es, torna p\u00fablico a abertura de inscri\u00e7\u00f5es para a realiza\u00e7\u00e3o de SELE\u00c7\u00c3O P\u00daBLICA destinada ao provimento, em car\u00e1ter emergencial\/tempor\u00e1rio, do cargo de M\u00c9DICO CL\u00cdNICO GERAL II do quadro de servidores da Funda\u00e7\u00e3o Municipal de Sa\u00fade de Santa Rosa, o qual se reger\u00e1 de acordo com as disposi\u00e7\u00f5es deste Edital e da Legisla\u00e7\u00e3o Municipal Espec\u00edfica.<\/p>\n<p>Os cargos, a quantidade de vagas, os pr\u00e9-requisitos, a jornada de trabalho semanal, a remunera\u00e7\u00e3o mensal, est\u00e3o estabelecidos no Edital Completo fixado no painel de publica\u00e7\u00f5es da Funda\u00e7\u00e3o Municipal de Sa\u00fade de Santa Rosa, bem como no site <a href=\"..\/\">http:\/\/www.fumssar.com.br<\/a><\/p>\n<p>As caracter\u00edsticas gerais dos cargos nominados acima, quanto aos deveres, atribui\u00e7\u00f5es do cargo, condi\u00e7\u00f5es de trabalho, vencimento, lota\u00e7\u00e3o e outros atinentes \u00e0 fun\u00e7\u00e3o, s\u00e3o as especificadas pela legisla\u00e7\u00e3o municipal pertinente.<\/p>\n<p align=\"center\"><b>DAS NORMAS QUE REGEM O PROCESSAMENTO DESTA SELE\u00c7\u00c3O<\/b><\/p>\n<p><b>1. <span style=\"text-decoration: underline\">DAS INSCRI\u00c7\u00d5ES<\/span>:<\/b><\/p>\n<\/div>\n<div>\n<p>1.1.\u00a0 PER\u00cdODO: As inscri\u00e7\u00f5es ser\u00e3o realizadas na Se\u00e7\u00e3o de Pessoal da FUMSSAR, situada na Rua Boa Vista, n\u00ba 401, 2\u00ba andar, Santa Rosa, nos dias <b>05 a 20 de fevereiro de 2014<\/b> nos seguintes hor\u00e1rios: 7h30min \u00e0s 11h30min e das 13h30min \u00e0s 17h30min.<\/p>\n<p>1.2.\u00a0 <b>\u00c9 de inteira responsabilidade do candidato a confer\u00eancia dos dados no ato da inscri\u00e7\u00e3o<\/b>.<\/p>\n<\/div>\n<div>\n<ol>\n<li><b>2.\u00a0\u00a0\u00a0\u00a0 <\/b><b><span style=\"text-decoration: underline\">DAS PROVAS<\/span><\/b><b>:<\/b><\/li>\n<\/ol>\n<\/div>\n<div>\n<p>2.1.\u00a0 A presente SELE\u00c7\u00c3O abrange, conforme o cargo:<\/p>\n<p>2.1.1.\u00a0\u00a0\u00a0\u00a0\u00a0 <b>PROVA DE T\u00cdTULOS de car\u00e1ter classificat\u00f3rio.<\/b><\/p>\n<\/div>\n<div>\n<ol>\n<li>As inscri\u00e7\u00f5es de que trata este Edital implicam no conhecimento das presentes instru\u00e7\u00f5es por parte do candidato e seu compromisso <span style=\"text-decoration: underline\">t\u00e1cito<\/span> de aceitar as condi\u00e7\u00f5es de sua realiza\u00e7\u00e3o, tais como se acham estabelecidas na Ficha de Inscri\u00e7\u00e3o, no inteiro teor deste Edital, na Lei n\u00b0 4.629, de 04 de mar\u00e7o de 2010.<\/li>\n<\/ol>\n<p>&nbsp;<\/p>\n<p align=\"center\">Santa Rosa, RS, 31 de janeiro de 2014.<\/p>\n<p align=\"center\">\n<p align=\"center\">\n<p align=\"center\">_________________________<\/p>\n<\/div>\n<div>\n<p align=\"center\">Lu\u00eds Ant\u00f4nio Benvegn\u00fa<\/p>\n<p align=\"center\">Presidente da FUMSSAR<\/p>\n<\/div>\n","protected":false},"excerpt":{"rendered":"<p>\u00a0 &nbsp; FUNDA\u00c7\u00c3O MUNICIPAL DE SA\u00daDE DE SANTA ROSA \/RS EXTRATO DO EDITAL DE SELE\u00c7\u00c3O&#8230;<\/p>\n","protected":false},"author":6,"featured_media":0,"comment_status":"open","ping_status":"open","sticky":false,"template":"","format":"standard","meta":{"footnotes":""},"categories":[34],"tags":[],"_links":{"self":[{"href":"https:\/\/www.fumssar.com.br\/index.php?rest_route=\/wp\/v2\/posts\/700"}],"collection":[{"href":"https:\/\/www.fumssar.com.br\/index.php?rest_route=\/wp\/v2\/posts"}],"about":[{"href":"https:\/\/www.fumssar.com.br\/index.php?rest_route=\/wp\/v2\/types\/post"}],"author":[{"embeddable":true,"href":"https:\/\/www.fumssar.com.br\/index.php?rest_route=\/wp\/v2\/users\/6"}],"replies":[{"embeddable":true,"href":"https:\/\/www.fumssar.com.br\/index.php?rest_route=%2Fwp%2Fv2%2Fcomments&post=700"}],"version-history":[{"count":2,"href":"https:\/\/www.fumssar.com.br\/index.php?rest_route=\/wp\/v2\/posts\/700\/revisions"}],"predecessor-version":[{"id":702,"href":"https:\/\/www.fumssar.com.br\/index.php?rest_route=\/wp\/v2\/posts\/700\/revisions\/702"}],"wp:attachment":[{"href":"https:\/\/www.fumssar.com.br\/index.php?rest_route=%2Fwp%2Fv2%2Fmedia&parent=700"}],"wp:term":[{"taxonomy":"category","embeddable":true,"href":"https:\/\/www.fumssar.com.br\/index.php?rest_route=%2Fwp%2Fv2%2Fcategories&post=700"},{"taxonomy":"post_tag","embeddable":true,"href":"https:\/\/www.fumssar.com.br\/index.php?rest_route=%2Fwp%2Fv2%2Ftags&post=700"}],"curies":[{"name":"wp","href":"https:\/\/api.w.org\/{rel}","templated":true}]}}