{"id":6967,"date":"2016-04-25T16:37:49","date_gmt":"2016-04-25T19:37:49","guid":{"rendered":"http:\/\/www.fumssar.com.br\/?p=6967"},"modified":"2024-10-07T16:35:33","modified_gmt":"2024-10-07T19:35:33","slug":"aberta-a-campanha-de-vacinacao-contra-o-virus-h1n1-em-santa-rosa","status":"publish","type":"post","link":"https:\/\/www.fumssar.com.br\/?p=6967","title":{"rendered":"Aberta a campanha de vacina\u00e7\u00e3o contra o v\u00edrus H1n1 em Santa Rosa"},"content":{"rendered":"<p>Iniciou nesta segunda-feira, 25, em todos os postos de sa\u00fade da rede da Funda\u00e7\u00e3o Municipal de Sa\u00fade-FUMSSAR a vacina\u00e7\u00e3o contra o v\u00edrus H1N1.o lan\u00e7amento oficial\u00a0 foi realizado na parte da manh\u00e3 na unidade b\u00e1sica de sa\u00fade\u00a0 do centro e contou com a presen\u00e7a do Vice \u2013prefeito, Dr. Lu\u00eds Ant\u00f4nio Benvegn\u00fa, \u00a0\u00a0do presidente da FUMSSAR, D\u00e9lcio Stefan,da diretora da Aten\u00e7\u00e3o Prim\u00e1ria em Sa\u00fade, Elisiane Bisognin, do coordenador\u00a0 da 14\u00aa Coordenadoria Regional de Sa\u00fade Jorge Krechowiecki e demais diretores e servidores da \u00e1rea da sa\u00fade.<\/p>\n<p>\u00a0A diretora, Elisiane Bisognin destacou que ser\u00e3o imunizados todos os grupos priorit\u00e1rios conforme determina\u00e7\u00e3o do Minist\u00e9rio da Sa\u00fade: crian\u00e7as de seis meses a menores de cinco anos (at\u00e9 4 anos, 11 meses e 29 dias), gestantes, pu\u00e9rperas (at\u00e9 45 dias ap\u00f3s o parto), trabalhador de sa\u00fade, idosos (a partir de 60 anos), povos ind\u00edgenas, popula\u00e7\u00e3o privada de liberdade e funcion\u00e1rios do sistema prisional; pessoas portadoras de doen\u00e7as cr\u00f4nicas n\u00e3o transmiss\u00edveis e outras condi\u00e7\u00f5es cl\u00ednicas especiais.<\/p>\n<p>\u00a0\u00a0\u00a0\u00a0\u00a0\u00a0\u00a0\u00a0\u00a0\u00a0\u00a0 O Vice-prefeito de Santa Rosa, Dr. Lu\u00eds Ant\u00f4nio Benvegn\u00fa ressaltou que a administra\u00e7\u00e3o municipal est\u00e1 empenhada em vacinar o maior n\u00famero de pessoas dos grupos de riscos ficando uma parcela significativa\u00a0 da sociedade imunizada e protegendo tamb\u00e9m demais membros da popula\u00e7\u00e3o. \u201cVacinando estes grupos que s\u00e3o os mais vulner\u00e1veis ao v\u00edrus estamos protegendo outras pessoas\u201d frisou Benvegn\u00fa. O presidente da FUMSSAR, D\u00e9lcio Stefan\u00a0 frisou que houve a antecipa\u00e7\u00e3o da vacina\u00e7\u00e3o por orienta\u00e7\u00e3o da Secretaria Estadual da Sa\u00fade, devido ao grande n\u00famero de casos registrados, pois a previs\u00e3o do MS era para iniciar no dia 30.<\/p>\n<p>\u00a0\u00a0\u00a0\u00a0\u00a0\u00a0\u00a0\u00a0\u00a0\u00a0\u00a0 Em Santa Rosa a meta \u00e9 vacinar 20726 dos grupos at\u00e9 o dia 20 de maio data previsto para o t\u00e9rmino da campanha. No pr\u00f3ximo s\u00e1bado, 30, todas as unidades de sa\u00fade estar\u00e3o abertas para a aplica\u00e7\u00e3o da vacina. A dire\u00e7\u00e3o da FUMSSAR lembra que al\u00e9m da vacina\u00e7\u00e3o \u00e9 importante tamb\u00e9m que as pessoas\u00a0 mantenham todos\u00a0 os cuidados na preven\u00e7\u00e3o da gripe.<\/p>\n<p>&nbsp;<\/p>\n<p><a href=\"http:\/\/www.fumssar.com.br\/wp-content\/uploads\/2016\/04\/vacina-2.jpg\"><img loading=\"lazy\" decoding=\"async\" class=\"alignnone size-medium wp-image-6969\" alt=\"vacina 2\" src=\"http:\/\/www.fumssar.com.br\/wp-content\/uploads\/2016\/04\/vacina-2-300x199.jpg\" width=\"300\" height=\"199\" srcset=\"https:\/\/www.fumssar.com.br\/wp-content\/uploads\/2016\/04\/vacina-2-300x199.jpg 300w, https:\/\/www.fumssar.com.br\/wp-content\/uploads\/2016\/04\/vacina-2.jpg 800w\" sizes=\"(max-width: 300px) 100vw, 300px\" \/><\/a>\u00a0 <a href=\"http:\/\/www.fumssar.com.br\/wp-content\/uploads\/2016\/04\/vacina-3.jpg\"><img loading=\"lazy\" decoding=\"async\" class=\"alignnone size-medium wp-image-6970\" alt=\"vacina 3\" src=\"http:\/\/www.fumssar.com.br\/wp-content\/uploads\/2016\/04\/vacina-3-300x156.jpg\" width=\"300\" height=\"156\" srcset=\"https:\/\/www.fumssar.com.br\/wp-content\/uploads\/2016\/04\/vacina-3-300x156.jpg 300w, https:\/\/www.fumssar.com.br\/wp-content\/uploads\/2016\/04\/vacina-3.jpg 800w\" sizes=\"(max-width: 300px) 100vw, 300px\" \/><\/a><\/p>\n","protected":false},"excerpt":{"rendered":"<p>Iniciou nesta segunda-feira, 25, em todos os postos de sa\u00fade da rede da Funda\u00e7\u00e3o Municipal&#8230;<\/p>\n","protected":false},"author":11,"featured_media":6968,"comment_status":"open","ping_status":"open","sticky":false,"template":"","format":"standard","meta":{"footnotes":""},"categories":[2],"tags":[],"_links":{"self":[{"href":"https:\/\/www.fumssar.com.br\/index.php?rest_route=\/wp\/v2\/posts\/6967"}],"collection":[{"href":"https:\/\/www.fumssar.com.br\/index.php?rest_route=\/wp\/v2\/posts"}],"about":[{"href":"https:\/\/www.fumssar.com.br\/index.php?rest_route=\/wp\/v2\/types\/post"}],"author":[{"embeddable":true,"href":"https:\/\/www.fumssar.com.br\/index.php?rest_route=\/wp\/v2\/users\/11"}],"replies":[{"embeddable":true,"href":"https:\/\/www.fumssar.com.br\/index.php?rest_route=%2Fwp%2Fv2%2Fcomments&post=6967"}],"version-history":[{"count":1,"href":"https:\/\/www.fumssar.com.br\/index.php?rest_route=\/wp\/v2\/posts\/6967\/revisions"}],"predecessor-version":[{"id":6971,"href":"https:\/\/www.fumssar.com.br\/index.php?rest_route=\/wp\/v2\/posts\/6967\/revisions\/6971"}],"wp:featuredmedia":[{"embeddable":true,"href":"https:\/\/www.fumssar.com.br\/index.php?rest_route=\/wp\/v2\/media\/6968"}],"wp:attachment":[{"href":"https:\/\/www.fumssar.com.br\/index.php?rest_route=%2Fwp%2Fv2%2Fmedia&parent=6967"}],"wp:term":[{"taxonomy":"category","embeddable":true,"href":"https:\/\/www.fumssar.com.br\/index.php?rest_route=%2Fwp%2Fv2%2Fcategories&post=6967"},{"taxonomy":"post_tag","embeddable":true,"href":"https:\/\/www.fumssar.com.br\/index.php?rest_route=%2Fwp%2Fv2%2Ftags&post=6967"}],"curies":[{"name":"wp","href":"https:\/\/api.w.org\/{rel}","templated":true}]}}