{"id":6897,"date":"2016-04-05T14:51:30","date_gmt":"2016-04-05T17:51:30","guid":{"rendered":"http:\/\/www.fumssar.com.br\/?p=6897"},"modified":"2024-10-07T16:35:33","modified_gmt":"2024-10-07T19:35:33","slug":"fumssar-mobiliza-comunidades-no-combate-ao-aedes-aegypti","status":"publish","type":"post","link":"https:\/\/www.fumssar.com.br\/?p=6897","title":{"rendered":"FUMSSAR mobiliza comunidades no combate ao Aedes aegypti"},"content":{"rendered":"<p>A a\u00e7\u00e3o est\u00e1 sendo desenvolvida neste s\u00e1bado, 02, mobilizando servidores da Funda\u00e7\u00e3o Municipal de Sa\u00fade-FUMSSAR, residentes e membros de comunidades, em bairros que apresentam os n\u00fameros mais elevados de Dengue tais como: Planalto, Agr\u00edcola, Banc\u00e1rios ,Cruzeiro do\u00a0\u00a0\u00a0\u00a0\u00a0\u00a0\u00a0 Sul\u00a0\u00a0\u00a0\u00a0\u00a0\u00a0 e\u00a0\u00a0\u00a0\u00a0\u00a0\u00a0\u00a0\u00a0\u00a0 Centro(Polivalente).<br \/>\nA Presidente da FUMSSAR,Elisiane Bisognin destaca que o trabalho consiste em visitas nas resid\u00eancias com a verifica\u00e7\u00e3o dos domic\u00edlios e a orienta\u00e7\u00e3o aos moradores sobre os cuidados no combate ao mosquito vetor. A Presidente reafirma que em locais onde forem encontrados focos os moradores est\u00e3o sendo notificados para a elimina\u00e7\u00e3o dos mesmos. A participa\u00e7\u00e3o da comunidade neste trabalho \u00e9 muito importante conforme ressaltou Elisiane,uma vez que os moradores possam fiscalizar entre si, ela destacou ainda que os volunt\u00e1rios que participam desta a\u00e7\u00e3o est\u00e3o preocupados com a causa. As atividades foram acompanhadas pela presidente da FUMSSAR, e na parte inicial o Vice-prefeito Dr. Lu\u00eds Ant\u00f4nio Benvegn\u00fa esteve presente prestigiando as a\u00e7\u00f5es.<\/p>\n<p>\u00a0<a href=\"http:\/\/www.fumssar.com.br\/wp-content\/uploads\/2016\/04\/A\u00e7\u00e3o-Dengue.jpg\"><img loading=\"lazy\" decoding=\"async\" class=\"alignnone size-medium wp-image-6899\" alt=\"A\u00e7\u00e3o Dengue\" src=\"http:\/\/www.fumssar.com.br\/wp-content\/uploads\/2016\/04\/A\u00e7\u00e3o-Dengue-300x200.jpg\" width=\"300\" height=\"200\" srcset=\"https:\/\/www.fumssar.com.br\/wp-content\/uploads\/2016\/04\/A\u00e7\u00e3o-Dengue-300x200.jpg 300w, https:\/\/www.fumssar.com.br\/wp-content\/uploads\/2016\/04\/A\u00e7\u00e3o-Dengue.jpg 360w\" sizes=\"(max-width: 300px) 100vw, 300px\" \/><\/a><\/p>\n","protected":false},"excerpt":{"rendered":"<p>A a\u00e7\u00e3o est\u00e1 sendo desenvolvida neste s\u00e1bado, 02, mobilizando servidores da Funda\u00e7\u00e3o Municipal de Sa\u00fade-FUMSSAR,&#8230;<\/p>\n","protected":false},"author":11,"featured_media":6898,"comment_status":"open","ping_status":"open","sticky":false,"template":"","format":"standard","meta":{"footnotes":""},"categories":[2],"tags":[],"_links":{"self":[{"href":"https:\/\/www.fumssar.com.br\/index.php?rest_route=\/wp\/v2\/posts\/6897"}],"collection":[{"href":"https:\/\/www.fumssar.com.br\/index.php?rest_route=\/wp\/v2\/posts"}],"about":[{"href":"https:\/\/www.fumssar.com.br\/index.php?rest_route=\/wp\/v2\/types\/post"}],"author":[{"embeddable":true,"href":"https:\/\/www.fumssar.com.br\/index.php?rest_route=\/wp\/v2\/users\/11"}],"replies":[{"embeddable":true,"href":"https:\/\/www.fumssar.com.br\/index.php?rest_route=%2Fwp%2Fv2%2Fcomments&post=6897"}],"version-history":[{"count":1,"href":"https:\/\/www.fumssar.com.br\/index.php?rest_route=\/wp\/v2\/posts\/6897\/revisions"}],"predecessor-version":[{"id":6904,"href":"https:\/\/www.fumssar.com.br\/index.php?rest_route=\/wp\/v2\/posts\/6897\/revisions\/6904"}],"wp:featuredmedia":[{"embeddable":true,"href":"https:\/\/www.fumssar.com.br\/index.php?rest_route=\/wp\/v2\/media\/6898"}],"wp:attachment":[{"href":"https:\/\/www.fumssar.com.br\/index.php?rest_route=%2Fwp%2Fv2%2Fmedia&parent=6897"}],"wp:term":[{"taxonomy":"category","embeddable":true,"href":"https:\/\/www.fumssar.com.br\/index.php?rest_route=%2Fwp%2Fv2%2Fcategories&post=6897"},{"taxonomy":"post_tag","embeddable":true,"href":"https:\/\/www.fumssar.com.br\/index.php?rest_route=%2Fwp%2Fv2%2Ftags&post=6897"}],"curies":[{"name":"wp","href":"https:\/\/api.w.org\/{rel}","templated":true}]}}