{"id":6887,"date":"2016-04-05T13:50:49","date_gmt":"2016-04-05T16:50:49","guid":{"rendered":"http:\/\/www.fumssar.com.br\/?p=6887"},"modified":"2024-10-07T16:35:33","modified_gmt":"2024-10-07T19:35:33","slug":"governo-municipal-inaugurou-obra-de-reforma-do-hemocentro-regional-de-santa-rosa","status":"publish","type":"post","link":"https:\/\/www.fumssar.com.br\/?p=6887","title":{"rendered":"Governo Municipal inaugurou obra de reforma do HEMOCENTRO Regional de Santa Rosa."},"content":{"rendered":"<p>Inaugurada na tarde de quinta-feira, 31 a reforma do HEMOCENTRO Regional de Santa Rosa em um evento que contou com a participa\u00e7\u00e3o de autoridades locais, regionais e estaduais.\u00a0 O pr\u00e9dio foi totalmente reformado tornando um ambiente monerno e mais acolhedor.<\/p>\n<p>\u00a0Instalado em Santa Rosa desde 1998,o \u00a0Hemocentro Regional de Santa Rosa\u00a0\u00e9 um centro de refer\u00eancia para coleta, processamento e distribui\u00e7\u00e3o de hemocomponentes, e atende uma \u00e1rea de abrang\u00eancia dos servi\u00e7os hemoter\u00e1picos para 51 munic\u00edpios, com uma popula\u00e7\u00e3o aproximada de 600.000 habitantes. Possui contrato firmado com 27 estabelecimentos hospitalares. Realiza as provas imuno-hematol\u00f3gicas pr\u00e9-transfusionais para 16 ag\u00eancias transfusionais. A coleta m\u00e9dia\u00a0 \u00e9 de 750 bolsas\/m\u00eas.<\/p>\n<p>O \u00a0Vice\u2013prefeito e presidente da Funda\u00e7\u00e3o Municipal de Sa\u00fade-FUMSSAR, Dr. Lu\u00eds Ant\u00f4nio Benvegn\u00fa, d fez um relato das atividades desenvolvidas no HEMOCENTRO parabenizando a todos que se empenharam na elabora\u00e7\u00e3o do projeto e tamb\u00e9m na capta\u00e7\u00e3o de recursos junto ao Governo do Estado.\u00a0 Benvegn\u00fa ressaltou que\u00a0 as novas instala\u00e7\u00f5es tornou o ambiente mais moderno\u00a0 e compat\u00edvel\u00a0 com as atividades. Ele destacou ainda que recentemente foram adquiridos equipamentos novos.A Presidente da FEPPS Neusa Kempfer prestigiou o evento ressaltando a import\u00e2ncia que o HEMOCENTRO tem para a regi\u00e3o, e que conhece muito o trabalho e o envolvimento da equipe.<\/p>\n<p>O Prefeito de Santa Rosa Alcides Vicini\u00a0 destacou que o local merece este investimento uma vez que trata diretamente com um produto que salva vidas e a reforma tornou\u00a0 o ambiente mais acolhedor. Vicini ressaltou que\u00a0 houve muito empenho de todos e que\u00a0 seu governo tem muito cuidado na aplica\u00e7\u00e3o dos recursos captados e esta obra com certeza\u00a0 \u00e9 mais uma que sua administra\u00e7\u00e3o entrega com qualidade e muita seriedade\u00a0 durante a execu\u00e7\u00e3o. O custo estimado da obra \u00e9 de cerca de R$ 1,5 milh\u00f5es.<\/p>\n<p><a href=\"http:\/\/www.fumssar.com.br\/wp-content\/uploads\/2016\/04\/inaugura\u00e7\u00e3o-hemocentro-certa.jpg\"><img loading=\"lazy\" decoding=\"async\" class=\"alignnone size-medium wp-image-6889\" alt=\"inaugura\u00e7\u00e3o hemocentro certa\" src=\"http:\/\/www.fumssar.com.br\/wp-content\/uploads\/2016\/04\/inaugura\u00e7\u00e3o-hemocentro-certa-300x199.jpg\" width=\"300\" height=\"199\" srcset=\"https:\/\/www.fumssar.com.br\/wp-content\/uploads\/2016\/04\/inaugura\u00e7\u00e3o-hemocentro-certa-300x199.jpg 300w, https:\/\/www.fumssar.com.br\/wp-content\/uploads\/2016\/04\/inaugura\u00e7\u00e3o-hemocentro-certa.jpg 800w\" sizes=\"(max-width: 300px) 100vw, 300px\" \/><\/a><\/p>\n","protected":false},"excerpt":{"rendered":"<p>Inaugurada na tarde de quinta-feira, 31 a reforma do HEMOCENTRO Regional de Santa Rosa em&#8230;<\/p>\n","protected":false},"author":11,"featured_media":6888,"comment_status":"open","ping_status":"open","sticky":false,"template":"","format":"standard","meta":{"footnotes":""},"categories":[2],"tags":[],"_links":{"self":[{"href":"https:\/\/www.fumssar.com.br\/index.php?rest_route=\/wp\/v2\/posts\/6887"}],"collection":[{"href":"https:\/\/www.fumssar.com.br\/index.php?rest_route=\/wp\/v2\/posts"}],"about":[{"href":"https:\/\/www.fumssar.com.br\/index.php?rest_route=\/wp\/v2\/types\/post"}],"author":[{"embeddable":true,"href":"https:\/\/www.fumssar.com.br\/index.php?rest_route=\/wp\/v2\/users\/11"}],"replies":[{"embeddable":true,"href":"https:\/\/www.fumssar.com.br\/index.php?rest_route=%2Fwp%2Fv2%2Fcomments&post=6887"}],"version-history":[{"count":1,"href":"https:\/\/www.fumssar.com.br\/index.php?rest_route=\/wp\/v2\/posts\/6887\/revisions"}],"predecessor-version":[{"id":6890,"href":"https:\/\/www.fumssar.com.br\/index.php?rest_route=\/wp\/v2\/posts\/6887\/revisions\/6890"}],"wp:featuredmedia":[{"embeddable":true,"href":"https:\/\/www.fumssar.com.br\/index.php?rest_route=\/wp\/v2\/media\/6888"}],"wp:attachment":[{"href":"https:\/\/www.fumssar.com.br\/index.php?rest_route=%2Fwp%2Fv2%2Fmedia&parent=6887"}],"wp:term":[{"taxonomy":"category","embeddable":true,"href":"https:\/\/www.fumssar.com.br\/index.php?rest_route=%2Fwp%2Fv2%2Fcategories&post=6887"},{"taxonomy":"post_tag","embeddable":true,"href":"https:\/\/www.fumssar.com.br\/index.php?rest_route=%2Fwp%2Fv2%2Ftags&post=6887"}],"curies":[{"name":"wp","href":"https:\/\/api.w.org\/{rel}","templated":true}]}}