{"id":6875,"date":"2016-03-29T15:36:56","date_gmt":"2016-03-29T18:36:56","guid":{"rendered":"http:\/\/www.fumssar.com.br\/?p=6875"},"modified":"2024-10-07T16:35:33","modified_gmt":"2024-10-07T19:35:33","slug":"mais-uma-obra-da-saude-foi-entregue-pela-atual-administracao","status":"publish","type":"post","link":"https:\/\/www.fumssar.com.br\/?p=6875","title":{"rendered":"Mais uma obra da sa\u00fade foi entregue pela atual administra\u00e7\u00e3o"},"content":{"rendered":"<p>O subsolo do Centro Administrativo da FUMSSAR abriga setores como a Vigil\u00e2ncia em Sa\u00fade, Setores de Transportes e de Inform\u00e1tica e foi inaugurado oficialmente no final da tarde de quarta-feira, 23.<\/p>\n<p>Um ato oficial marcou a entrega das instala\u00e7\u00f5es do local que passou a abrigar a Vigil\u00e2ncia em Sa\u00fade de Santa Rosa, os Setores de Transportes e de Inform\u00e1tica da FUMSSAR. A solenidade contou com a presen\u00e7a de autoridades, lideran\u00e7as pol\u00edticas, comunit\u00e1rias\u00a0\u00a0\u00a0\u00a0\u00a0\u00a0\u00a0\u00a0 e\u00a0\u00a0\u00a0\u00a0\u00a0\u00a0\u00a0\u00a0\u00a0 servidores\u00a0\u00a0\u00a0\u00a0\u00a0\u00a0 p\u00fablicos.<br \/>\n\u00a0 \u00a0\u00a0\u00a0\u00a0\u00a0\u00a0\u00a0\u00a0O subsolo do Centro Administrativo da Funda\u00e7\u00e3o envolve um projeto que viabiliza a ocupa\u00e7\u00e3o dos espa\u00e7os que hoje abrigam setores importantes da \u00e1rea da sa\u00fade, gerando uma aproxima\u00e7\u00e3o entre os mesmos bem como gera economia de alugueis, conforme explanou o diretor da Gest\u00e3o Administrativa da FUMSSAR, Aldair Melchior.<br \/>\n\u00a0\u00a0\u00a0\u00a0\u00a0\u00a0\u00a0\u00a0\u00a0\u00a0\u00a0 O Vice-prefeito e Presidente da FUMSSAR, Dr. Lu\u00eds Ant\u00f4nio Benvegn\u00fa disse que os recursos investidos ser\u00e3o ben\u00e9ficos tanto no campo econ\u00f4mico bem como na presta\u00e7\u00e3o dos servi\u00e7os , uma vez que os ambientes ofertados aos setores se tornaram mais organizados e mais amplos. Benvegn\u00fa ressaltou ainda o apoio recebido para a realiza\u00e7\u00e3o da obra, nos diversos setores da Funda\u00e7\u00e3o e tamb\u00e9m na prefeitura.\u201cConstru\u00edmos este espa\u00e7o com planejamento, pensando nas pessoas envolvidas e na agilidade dos servi\u00e7os ofertados\u201d enfatizou Benvegn\u00fa\u201d, destacando que sempre foi objetivado o agrupamento dos setores da \u00e1rea administrativa da Funda\u00e7\u00e3o e isto tem sido conquistado na atual gest\u00e3o.<br \/>\n\u00a0\u00a0\u00a0\u00a0\u00a0\u00a0\u00a0\u00a0\u00a0\u00a0\u00a0 O Prefeito Alcides Vicini parabenizou a todos os envolvidos no processo que viabilizou a obra, destacando que a edifica\u00e7\u00e3o ficou moderna e acolhedora. Para ele a aplica\u00e7\u00e3o correta de recursos sempre devem levar em conta o bem comum da popula\u00e7\u00e3o, e que uma gest\u00e3o eficiente deve buscar a satisfa\u00e7\u00e3o dos usu\u00e1rios lembrando que mesmo em momentos de crise, sua administra\u00e7\u00e3o tem primado pela aplica\u00e7\u00e3o eficiente dos recursos. O prefeito reportou-se ao ambiente inaugurado como moderno e acolhedor, refletindo na proposta de cuidar bem das pessoas. \u201cO que vemos aqui neste espa\u00e7o, \u00e9 um ambiente muito bem planejado e acolhedor para as pessoas que procuram atendimento\u201d ressaltou Vicini.<\/p>\n","protected":false},"excerpt":{"rendered":"<p>O subsolo do Centro Administrativo da FUMSSAR abriga setores como a Vigil\u00e2ncia em Sa\u00fade, Setores&#8230;<\/p>\n","protected":false},"author":11,"featured_media":6876,"comment_status":"open","ping_status":"open","sticky":false,"template":"","format":"standard","meta":{"footnotes":""},"categories":[2],"tags":[],"_links":{"self":[{"href":"https:\/\/www.fumssar.com.br\/index.php?rest_route=\/wp\/v2\/posts\/6875"}],"collection":[{"href":"https:\/\/www.fumssar.com.br\/index.php?rest_route=\/wp\/v2\/posts"}],"about":[{"href":"https:\/\/www.fumssar.com.br\/index.php?rest_route=\/wp\/v2\/types\/post"}],"author":[{"embeddable":true,"href":"https:\/\/www.fumssar.com.br\/index.php?rest_route=\/wp\/v2\/users\/11"}],"replies":[{"embeddable":true,"href":"https:\/\/www.fumssar.com.br\/index.php?rest_route=%2Fwp%2Fv2%2Fcomments&post=6875"}],"version-history":[{"count":1,"href":"https:\/\/www.fumssar.com.br\/index.php?rest_route=\/wp\/v2\/posts\/6875\/revisions"}],"predecessor-version":[{"id":6877,"href":"https:\/\/www.fumssar.com.br\/index.php?rest_route=\/wp\/v2\/posts\/6875\/revisions\/6877"}],"wp:featuredmedia":[{"embeddable":true,"href":"https:\/\/www.fumssar.com.br\/index.php?rest_route=\/wp\/v2\/media\/6876"}],"wp:attachment":[{"href":"https:\/\/www.fumssar.com.br\/index.php?rest_route=%2Fwp%2Fv2%2Fmedia&parent=6875"}],"wp:term":[{"taxonomy":"category","embeddable":true,"href":"https:\/\/www.fumssar.com.br\/index.php?rest_route=%2Fwp%2Fv2%2Fcategories&post=6875"},{"taxonomy":"post_tag","embeddable":true,"href":"https:\/\/www.fumssar.com.br\/index.php?rest_route=%2Fwp%2Fv2%2Ftags&post=6875"}],"curies":[{"name":"wp","href":"https:\/\/api.w.org\/{rel}","templated":true}]}}