{"id":6846,"date":"2016-03-23T15:19:43","date_gmt":"2016-03-23T18:19:43","guid":{"rendered":"http:\/\/www.fumssar.com.br\/?p=6846"},"modified":"2024-10-07T16:35:33","modified_gmt":"2024-10-07T19:35:33","slug":"projeto-do-novo-posto-do-lajeado-manchinha-foi-apresentado-a-comunidade","status":"publish","type":"post","link":"https:\/\/www.fumssar.com.br\/?p=6846","title":{"rendered":"Projeto do novo Posto do Lajeado Manchinha foi apresentado \u00e0 comunidade"},"content":{"rendered":"<p>Em um encontro realizado na noite de ter\u00e7a-feira, 22, integrantes da comunidade do Lajeado Manchinhas conheceram o projeto do novo posto de sa\u00fade. O projeto apresentado pela dire\u00e7\u00e3o da FUMSSAR, comtempla para uma edifica\u00e7\u00e3o mais ampla atendendo os anseios da popula\u00e7\u00e3o usu\u00e1ria.<\/p>\n<p>Aldair Melchior Diretor da Gest\u00e3o Administrativa ressaltou que esta a\u00e7\u00e3o \u00e9 uma demanda reivindicada que se torna realidade, tendo em vista um conjunto de esfor\u00e7os da gest\u00e3o para garantir os recursos necess\u00e1rios para a obra. Aldair explicou ainda que a ideia inicial de reformar o atual posto foi abortada pelos t\u00e9cnicos tendo em vista o estado da edifica\u00e7\u00e3o, e a ideia de se reformar e adequar \u00e0 escola que esta desativada ir\u00e1 permitir um ambiente mais amplo e acolhedor.<\/p>\n<p>\u00a0\u00a0\u00a0\u00a0\u00a0\u00a0\u00a0\u00a0\u00a0\u00a0\u00a0 O Presidente da FUMSSAR Dr. Lu\u00eds Ant\u00f4nio Benvegn\u00fa destacou que a obra \u00e9 mais uma de um conjunto que a atual administra\u00e7\u00e3o vem realizando na rede para viabilizar atendimentos mais acolhedores qualificando ainda mais os servi\u00e7os prestados. Benvegn\u00fa frisou que ser\u00e3o disponibilizados mais de R$ 200 mil fruto de economias de outras obras da FUMSSAR. \u201cEstes recursos s\u00e3o sobras de outras obras desta forma conseguimos viabilizar para o posto da Manchinha\u201d. Frisou Benvegn\u00fa.<\/p>\n<p>&nbsp;<\/p>\n","protected":false},"excerpt":{"rendered":"<p>Em um encontro realizado na noite de ter\u00e7a-feira, 22, integrantes da comunidade do Lajeado Manchinhas&#8230;<\/p>\n","protected":false},"author":11,"featured_media":6848,"comment_status":"open","ping_status":"open","sticky":false,"template":"","format":"standard","meta":{"footnotes":""},"categories":[2],"tags":[],"_links":{"self":[{"href":"https:\/\/www.fumssar.com.br\/index.php?rest_route=\/wp\/v2\/posts\/6846"}],"collection":[{"href":"https:\/\/www.fumssar.com.br\/index.php?rest_route=\/wp\/v2\/posts"}],"about":[{"href":"https:\/\/www.fumssar.com.br\/index.php?rest_route=\/wp\/v2\/types\/post"}],"author":[{"embeddable":true,"href":"https:\/\/www.fumssar.com.br\/index.php?rest_route=\/wp\/v2\/users\/11"}],"replies":[{"embeddable":true,"href":"https:\/\/www.fumssar.com.br\/index.php?rest_route=%2Fwp%2Fv2%2Fcomments&post=6846"}],"version-history":[{"count":1,"href":"https:\/\/www.fumssar.com.br\/index.php?rest_route=\/wp\/v2\/posts\/6846\/revisions"}],"predecessor-version":[{"id":6849,"href":"https:\/\/www.fumssar.com.br\/index.php?rest_route=\/wp\/v2\/posts\/6846\/revisions\/6849"}],"wp:featuredmedia":[{"embeddable":true,"href":"https:\/\/www.fumssar.com.br\/index.php?rest_route=\/wp\/v2\/media\/6848"}],"wp:attachment":[{"href":"https:\/\/www.fumssar.com.br\/index.php?rest_route=%2Fwp%2Fv2%2Fmedia&parent=6846"}],"wp:term":[{"taxonomy":"category","embeddable":true,"href":"https:\/\/www.fumssar.com.br\/index.php?rest_route=%2Fwp%2Fv2%2Fcategories&post=6846"},{"taxonomy":"post_tag","embeddable":true,"href":"https:\/\/www.fumssar.com.br\/index.php?rest_route=%2Fwp%2Fv2%2Ftags&post=6846"}],"curies":[{"name":"wp","href":"https:\/\/api.w.org\/{rel}","templated":true}]}}