{"id":6841,"date":"2016-03-22T17:27:44","date_gmt":"2016-03-22T20:27:44","guid":{"rendered":"http:\/\/www.fumssar.com.br\/?p=6841"},"modified":"2024-10-07T16:35:33","modified_gmt":"2024-10-07T19:35:33","slug":"boletim-da-dengue-em-2232016","status":"publish","type":"post","link":"https:\/\/www.fumssar.com.br\/?p=6841","title":{"rendered":"Boletim da Dengue em 22\/3\/2016"},"content":{"rendered":"<p>\u00a0\u00a0\u00a0\u00a0\u00a0\u00a0\u00a0\u00a0\u00a0\u00a0\u00a0\u00a0\u00a0\u00a0\u00a0 A Sala Municipal de Coordena\u00e7\u00e3o e Controle do Aedes aegypti\u00a0 emitiu nota atualizando os n\u00fameros da dengue em Santa Rosa:<\/p>\n<p>\u00a0\u00a0\u00a0\u00a0\u00a0\u00a0\u00a0\u00a0\u00a0\u00a0\u00a0\u00a0\u00a0\u00a0\u00a0\u00a0\u00a0\u00a0\u00a0\u00a0\u00a0\u00a0\u00a0 Casos Notificados: \u00a0\u00a0\u00a0\u00a0\u00a0\u00a0\u00a0\u00a098<\/p>\n<p>\u00a0\u00a0\u00a0\u00a0\u00a0\u00a0\u00a0\u00a0\u00a0\u00a0\u00a0\u00a0\u00a0\u00a0\u00a0\u00a0\u00a0\u00a0\u00a0\u00a0\u00a0\u00a0\u00a0 Casos descartados: \u00a0\u00a0\u00a0\u00a0\u00a0\u00a0\u00a046<\/p>\n<p>\u00a0\u00a0\u00a0\u00a0\u00a0\u00a0\u00a0\u00a0\u00a0\u00a0\u00a0\u00a0\u00a0\u00a0\u00a0\u00a0\u00a0\u00a0\u00a0\u00a0\u00a0\u00a0\u00a0 Casos em investiga\u00e7\u00e3o: 40<\/p>\n<p>\u00a0\u00a0\u00a0\u00a0\u00a0\u00a0\u00a0\u00a0\u00a0\u00a0\u00a0\u00a0\u00a0\u00a0\u00a0\u00a0\u00a0\u00a0\u00a0\u00a0\u00a0\u00a0\u00a0 Casos confirmados:\u00a0\u00a0\u00a0\u00a0 \u00a0\u00a0\u00a012<\/p>\n<p>\u00a0\u00a0\u00a0\u00a0\u00a0\u00a0\u00a0\u00a0\u00a0\u00a0\u00a0 Dos casos confirmados 2 s\u00e3o importados e\u00a0 10 s\u00e3o aut\u00f3ctones.<\/p>\n<p>O Coordenador da Sala Sandro de Almeida Mattos \u00a0\u00a0reafirma que os cuidados com a infesta\u00e7\u00e3o do mosquito devem ser\u00a0 redobrados \u00a0para mantermos o risco de\u00a0 epidemia longe do munic\u00edpio, uma vez que os meses de mar\u00e7o e abril s\u00e3o os mais cr\u00edticos\u00a0 para o aumento\u00a0 dos casos.<\/p>\n","protected":false},"excerpt":{"rendered":"<p>\u00a0\u00a0\u00a0\u00a0\u00a0\u00a0\u00a0\u00a0\u00a0\u00a0\u00a0\u00a0\u00a0\u00a0\u00a0 A Sala Municipal de Coordena\u00e7\u00e3o e Controle do Aedes aegypti\u00a0 emitiu nota atualizando os&#8230;<\/p>\n","protected":false},"author":11,"featured_media":6842,"comment_status":"open","ping_status":"open","sticky":false,"template":"","format":"standard","meta":{"footnotes":""},"categories":[2],"tags":[],"_links":{"self":[{"href":"https:\/\/www.fumssar.com.br\/index.php?rest_route=\/wp\/v2\/posts\/6841"}],"collection":[{"href":"https:\/\/www.fumssar.com.br\/index.php?rest_route=\/wp\/v2\/posts"}],"about":[{"href":"https:\/\/www.fumssar.com.br\/index.php?rest_route=\/wp\/v2\/types\/post"}],"author":[{"embeddable":true,"href":"https:\/\/www.fumssar.com.br\/index.php?rest_route=\/wp\/v2\/users\/11"}],"replies":[{"embeddable":true,"href":"https:\/\/www.fumssar.com.br\/index.php?rest_route=%2Fwp%2Fv2%2Fcomments&post=6841"}],"version-history":[{"count":1,"href":"https:\/\/www.fumssar.com.br\/index.php?rest_route=\/wp\/v2\/posts\/6841\/revisions"}],"predecessor-version":[{"id":6843,"href":"https:\/\/www.fumssar.com.br\/index.php?rest_route=\/wp\/v2\/posts\/6841\/revisions\/6843"}],"wp:featuredmedia":[{"embeddable":true,"href":"https:\/\/www.fumssar.com.br\/index.php?rest_route=\/wp\/v2\/media\/6842"}],"wp:attachment":[{"href":"https:\/\/www.fumssar.com.br\/index.php?rest_route=%2Fwp%2Fv2%2Fmedia&parent=6841"}],"wp:term":[{"taxonomy":"category","embeddable":true,"href":"https:\/\/www.fumssar.com.br\/index.php?rest_route=%2Fwp%2Fv2%2Fcategories&post=6841"},{"taxonomy":"post_tag","embeddable":true,"href":"https:\/\/www.fumssar.com.br\/index.php?rest_route=%2Fwp%2Fv2%2Ftags&post=6841"}],"curies":[{"name":"wp","href":"https:\/\/api.w.org\/{rel}","templated":true}]}}