{"id":6808,"date":"2016-03-11T16:51:26","date_gmt":"2016-03-11T19:51:26","guid":{"rendered":"http:\/\/www.fumssar.com.br\/?p=6808"},"modified":"2016-03-24T11:14:25","modified_gmt":"2016-03-24T14:14:25","slug":"tomada-de-preco-012016","status":"publish","type":"post","link":"https:\/\/www.fumssar.com.br\/?p=6808","title":{"rendered":"Tomada de Pre\u00e7o 01\/2016"},"content":{"rendered":"<p><b>Tomada de Pre\u00e7o 01\/2016<\/b> \u2013 A presente licita\u00e7\u00e3o destina-se \u00e0 escolha da melhor proposta de pre\u00e7o para execu\u00e7\u00e3o da reforma da Unidade Avan\u00e7ada de Sa\u00fade da Localidade de Manchinha, a ser realizada por empresa especializada.<\/p>\n<p><b>Abertura no dia 29\/03\/2016 \u00e0s 08h30m.<\/b><\/p>\n<p><a href=\"http:\/\/www.fumssar.com.br\/wp-content\/uploads\/2016\/03\/TP-01-2016-Manchinha.doc\">TP 01-2016 Manchinha<\/a>\u00a0\u00a0\u00a0<\/p>\n<p>\u00a0<a href=\"http:\/\/www.fumssar.com.br\/wp-content\/uploads\/2016\/03\/UBS-Manchinha-Instala\u00e7\u00f5es-El\u00e9tricas.pdf\">UBS Manchinha Instala\u00e7\u00f5es El\u00e9tricas<\/a>; <a href=\"http:\/\/www.fumssar.com.br\/wp-content\/uploads\/2016\/03\/REFORMA_UBS_MANCHINHA_ARQ_5_5.pdf\">REFORMA_UBS_MANCHINHA_ARQ_5_5<\/a>; <a href=\"http:\/\/www.fumssar.com.br\/wp-content\/uploads\/2016\/03\/REFORMA_UBS_MANCHINHA_ARQ_4_5.pdf\">REFORMA_UBS_MANCHINHA_ARQ_4_5<\/a>; <a href=\"http:\/\/www.fumssar.com.br\/wp-content\/uploads\/2016\/03\/REFORMA_UBS_MANCHINHA_ARQ_3_5.pdf\">REFORMA_UBS_MANCHINHA_ARQ_3_5<\/a>; <a href=\"http:\/\/www.fumssar.com.br\/wp-content\/uploads\/2016\/03\/REFORMA_UBS_MANCHINHA_ARQ_2_5.pdf\">REFORMA_UBS_MANCHINHA_ARQ_2_5<\/a>; <a href=\"http:\/\/www.fumssar.com.br\/wp-content\/uploads\/2016\/03\/REFORMA_UBS_MANCHINHA_ARQ_1_5.pdf\">REFORMA_UBS_MANCHINHA_ARQ_1_5<\/a>; <a href=\"http:\/\/www.fumssar.com.br\/wp-content\/uploads\/2016\/03\/MEMORIAL_UBS_MANCHINHA-corrigido.pdf\">MEMORIAL_UBS_MANCHINHA;<\/a> <a href=\"http:\/\/www.fumssar.com.br\/wp-content\/uploads\/2016\/03\/Memorial-Descritivo-Instala\u00e7\u00f5es-El\u00e9tricas.pdf\">Memorial Descritivo Instala\u00e7\u00f5es El\u00e9tricas<\/a>; <a href=\"http:\/\/www.fumssar.com.br\/wp-content\/uploads\/2016\/03\/MEMORIAL-DESCRITIVO.doc\">MEMORIAL DESCRITIVO<\/a>; <a href=\"http:\/\/www.fumssar.com.br\/wp-content\/uploads\/2016\/03\/Or\u00e7amento-reforma-Manchinha_OK-11.pdf\">Or\u00e7amento reforma Manchinha;<\/a> <a href=\"http:\/\/www.fumssar.com.br\/wp-content\/uploads\/2016\/03\/REFORMA_UBS_MANCHINHA_ELETR_OR\u00c7AMENTO.pdf\">REFORMA_UBS_MANCHINHA_ELETR_OR\u00c7AMENTO<\/a><\/p>\n","protected":false},"excerpt":{"rendered":"<p>Tomada de Pre\u00e7o 01\/2016 \u2013 A presente licita\u00e7\u00e3o destina-se \u00e0 escolha da melhor proposta de&#8230;<\/p>\n","protected":false},"author":7,"featured_media":0,"comment_status":"open","ping_status":"open","sticky":false,"template":"","format":"standard","meta":{"footnotes":""},"categories":[65],"tags":[],"_links":{"self":[{"href":"https:\/\/www.fumssar.com.br\/index.php?rest_route=\/wp\/v2\/posts\/6808"}],"collection":[{"href":"https:\/\/www.fumssar.com.br\/index.php?rest_route=\/wp\/v2\/posts"}],"about":[{"href":"https:\/\/www.fumssar.com.br\/index.php?rest_route=\/wp\/v2\/types\/post"}],"author":[{"embeddable":true,"href":"https:\/\/www.fumssar.com.br\/index.php?rest_route=\/wp\/v2\/users\/7"}],"replies":[{"embeddable":true,"href":"https:\/\/www.fumssar.com.br\/index.php?rest_route=%2Fwp%2Fv2%2Fcomments&post=6808"}],"version-history":[{"count":7,"href":"https:\/\/www.fumssar.com.br\/index.php?rest_route=\/wp\/v2\/posts\/6808\/revisions"}],"predecessor-version":[{"id":6852,"href":"https:\/\/www.fumssar.com.br\/index.php?rest_route=\/wp\/v2\/posts\/6808\/revisions\/6852"}],"wp:attachment":[{"href":"https:\/\/www.fumssar.com.br\/index.php?rest_route=%2Fwp%2Fv2%2Fmedia&parent=6808"}],"wp:term":[{"taxonomy":"category","embeddable":true,"href":"https:\/\/www.fumssar.com.br\/index.php?rest_route=%2Fwp%2Fv2%2Fcategories&post=6808"},{"taxonomy":"post_tag","embeddable":true,"href":"https:\/\/www.fumssar.com.br\/index.php?rest_route=%2Fwp%2Fv2%2Ftags&post=6808"}],"curies":[{"name":"wp","href":"https:\/\/api.w.org\/{rel}","templated":true}]}}