{"id":680,"date":"2014-01-30T16:46:23","date_gmt":"2014-01-30T16:46:23","guid":{"rendered":"http:\/\/www.fumssar.com.br\/?p=680"},"modified":"2024-10-07T16:36:22","modified_gmt":"2024-10-07T19:36:22","slug":"ministerio-da-saude-e-ses-visitam-upa","status":"publish","type":"post","link":"https:\/\/www.fumssar.com.br\/?p=680","title":{"rendered":"Minist\u00e9rio da Sa\u00fade e SES visitam UPA"},"content":{"rendered":"<div>\n<p>Na manh\u00e3 desta quarta-feira(29) representantes da Secretaria Estadual de Sa\u00fade e do Minist\u00e9rio da Sa\u00fade realizaram uma visita de vistoria na Unidade de Pronto Atendimento 24 horas (UPA) em Santa Rosa. A visita objetivou analisar a atual situa\u00e7\u00e3o estrutural da UPA que j\u00e1 est\u00e1 com as obras conclu\u00eddas e equipamentos adquiridos.<!--more--><\/p>\n<p>Os t\u00e9cnicos foram recebidos pelos Coordenadores Regionais de Sa\u00fade da 14\u00aa CRS, Ant\u00f4nio de Paula e Ademar Olsson, pela Coordenadora Regional da Urg\u00eancia e Emerg\u00eancia da 14\u00aa CRS, Karina Kucharski, pelo Presidente da FUMSSAR, Lu\u00eds Ant\u00f4nio Benvegn\u00fa, bem como pelos demais representantes da FUMSSAR, sendo eles: Alexsandro Johann,Chefe do Setor de Material e Patrim\u00f4nio, D\u00e9lcio Stefan, Diretor da Rede Complementar de Sa\u00fade e Aldair Melchior, Diretor da Gest\u00e3o Administrativa.<\/p>\n<p>Al\u00e9m de avaliar a estrutura f\u00edsica da UPA, o T\u00e9cnico do Minist\u00e9rio da Sa\u00fade, Pedro Soares, questionou a data prevista para o in\u00edcio do atendimento na UPA. O Presidente da FUMSSAR Lu\u00eds Ant\u00f4nio Benvegn\u00fa afirmou que a previs\u00e3o de inaugura\u00e7\u00e3o da UPA est\u00e1 prevista para o m\u00eas de abril deste ano.<\/p>\n<p>A representante do Setor de Urg\u00eancia\/Emerg\u00eancia da SES, M\u00e1rcia Moschini, reafirmou o compromisso do Governo do Estado em complementar os recursos financeiros para o custeio da UPA at\u00e9 ser publicado a qualifica\u00e7\u00e3o do servi\u00e7o pelo Minist\u00e9rio da Sa\u00fade. Al\u00e9m disso, demonstrou o interesse da Secretaria Estadual de Sa\u00fade em abrir a UPA e prestar o servi\u00e7o de urg\u00eancia com rapidez e qualidade para popula\u00e7\u00e3o regional.<\/p>\n<\/div>\n","protected":false},"excerpt":{"rendered":"<p>Na manh\u00e3 desta quarta-feira(29) representantes da Secretaria Estadual de Sa\u00fade e do Minist\u00e9rio da Sa\u00fade&#8230;<\/p>\n","protected":false},"author":3,"featured_media":681,"comment_status":"open","ping_status":"open","sticky":false,"template":"","format":"standard","meta":{"footnotes":""},"categories":[2],"tags":[],"_links":{"self":[{"href":"https:\/\/www.fumssar.com.br\/index.php?rest_route=\/wp\/v2\/posts\/680"}],"collection":[{"href":"https:\/\/www.fumssar.com.br\/index.php?rest_route=\/wp\/v2\/posts"}],"about":[{"href":"https:\/\/www.fumssar.com.br\/index.php?rest_route=\/wp\/v2\/types\/post"}],"author":[{"embeddable":true,"href":"https:\/\/www.fumssar.com.br\/index.php?rest_route=\/wp\/v2\/users\/3"}],"replies":[{"embeddable":true,"href":"https:\/\/www.fumssar.com.br\/index.php?rest_route=%2Fwp%2Fv2%2Fcomments&post=680"}],"version-history":[{"count":1,"href":"https:\/\/www.fumssar.com.br\/index.php?rest_route=\/wp\/v2\/posts\/680\/revisions"}],"predecessor-version":[{"id":682,"href":"https:\/\/www.fumssar.com.br\/index.php?rest_route=\/wp\/v2\/posts\/680\/revisions\/682"}],"wp:featuredmedia":[{"embeddable":true,"href":"https:\/\/www.fumssar.com.br\/index.php?rest_route=\/wp\/v2\/media\/681"}],"wp:attachment":[{"href":"https:\/\/www.fumssar.com.br\/index.php?rest_route=%2Fwp%2Fv2%2Fmedia&parent=680"}],"wp:term":[{"taxonomy":"category","embeddable":true,"href":"https:\/\/www.fumssar.com.br\/index.php?rest_route=%2Fwp%2Fv2%2Fcategories&post=680"},{"taxonomy":"post_tag","embeddable":true,"href":"https:\/\/www.fumssar.com.br\/index.php?rest_route=%2Fwp%2Fv2%2Ftags&post=680"}],"curies":[{"name":"wp","href":"https:\/\/api.w.org\/{rel}","templated":true}]}}